{"id":39386,"date":"2023-05-05T16:25:12","date_gmt":"2023-05-05T19:25:12","guid":{"rendered":"http:\/\/www.almargenweb.com.ar\/web\/?p=39386"},"modified":"2023-05-05T16:25:13","modified_gmt":"2023-05-05T19:25:13","slug":"donde-voto-en-las-elecciones-2023-ya-se-puede-consultar-el-padron-electoral-y-verificar-los-datos","status":"publish","type":"post","link":"https:\/\/www.almargenweb.com.ar\/web\/donde-voto-en-las-elecciones-2023-ya-se-puede-consultar-el-padron-electoral-y-verificar-los-datos\/","title":{"rendered":"D\u00f3nde voto en las elecciones 2023: ya se puede consultar el padr\u00f3n electoral y verificar los datos"},"content":{"rendered":"\n<p>Los ciudadanos y ciudadanas inscriptos para votar en las PASO del 13 de agosto y las elecciones generales del 22 de octubre ya pueden ingresar al sitio habilitado por la Justicia Nacional Electoral para revisar sus datos y buscar d\u00f3nde votan.<\/p>\n\n\n\n<p>El padr\u00f3n provisorio incluye los cambios registrales notificados hasta el 25 de abril de 2023. El dato de la mesa de votaci\u00f3n aparecer\u00e1 en el padr\u00f3n definitivo.<\/p>\n\n\n\n<p>La siguiente fecha l\u00edmite es el 14 de junio, cuando vence el plazo para la presentaci\u00f3n de las alianzas electorales, mientras que el 24 de junio es el fin del plazo para la presentaci\u00f3n de listas de precandidatos y el inicio de la campa\u00f1a electoral de cara a las PASO.<\/p>\n\n\n\n<p>En tanto, el 19 de julio comienza la prohibici\u00f3n de actos p\u00fablicos susceptibles de promover la captaci\u00f3n del sufragio, el 11 de agosto la veda electoral, el 13 de ese mes tendr\u00e1n lugar las primarias y en las siguientes 48 horas se realizar\u00e1 el escrutinio definitivo.<\/p>\n<!-- AddThis Advanced Settings generic via filter on the_content --><!-- AddThis Share Buttons generic via filter on the_content -->","protected":false},"excerpt":{"rendered":"<p>Los ciudadanos y ciudadanas inscriptos para votar en las PASO del 13 de agosto y las [&hellip;]<!-- AddThis Advanced Settings generic via filter on get_the_excerpt --><!-- AddThis Share Buttons generic via filter on get_the_excerpt --><\/p>\n","protected":false},"author":16,"featured_media":39389,"comment_status":"open","ping_status":"open","sticky":false,"template":"","format":"standard","meta":{"_seopress_robots_primary_cat":"none","_seopress_titles_title":"","_seopress_titles_desc":"","_seopress_robots_index":"","_themeisle_gutenberg_block_has_review":false,"footnotes":""},"categories":[2,164],"tags":[],"class_list":["post-39386","post","type-post","status-publish","format-standard","has-post-thumbnail","hentry","category-actualidad","category-ambiente"],"_links":{"self":[{"href":"https:\/\/www.almargenweb.com.ar\/web\/wp-json\/wp\/v2\/posts\/39386","targetHints":{"allow":["GET"]}}],"collection":[{"href":"https:\/\/www.almargenweb.com.ar\/web\/wp-json\/wp\/v2\/posts"}],"about":[{"href":"https:\/\/www.almargenweb.com.ar\/web\/wp-json\/wp\/v2\/types\/post"}],"author":[{"embeddable":true,"href":"https:\/\/www.almargenweb.com.ar\/web\/wp-json\/wp\/v2\/users\/16"}],"replies":[{"embeddable":true,"href":"https:\/\/www.almargenweb.com.ar\/web\/wp-json\/wp\/v2\/comments?post=39386"}],"version-history":[{"count":1,"href":"https:\/\/www.almargenweb.com.ar\/web\/wp-json\/wp\/v2\/posts\/39386\/revisions"}],"predecessor-version":[{"id":39390,"href":"https:\/\/www.almargenweb.com.ar\/web\/wp-json\/wp\/v2\/posts\/39386\/revisions\/39390"}],"wp:featuredmedia":[{"embeddable":true,"href":"https:\/\/www.almargenweb.com.ar\/web\/wp-json\/wp\/v2\/media\/39389"}],"wp:attachment":[{"href":"https:\/\/www.almargenweb.com.ar\/web\/wp-json\/wp\/v2\/media?parent=39386"}],"wp:term":[{"taxonomy":"category","embeddable":true,"href":"https:\/\/www.almargenweb.com.ar\/web\/wp-json\/wp\/v2\/categories?post=39386"},{"taxonomy":"post_tag","embeddable":true,"href":"https:\/\/www.almargenweb.com.ar\/web\/wp-json\/wp\/v2\/tags?post=39386"}],"curies":[{"name":"wp","href":"https:\/\/api.w.org\/{rel}","templated":true}]}}