{"id":39366,"date":"2023-05-04T13:20:16","date_gmt":"2023-05-04T16:20:16","guid":{"rendered":"http:\/\/www.almargenweb.com.ar\/web\/?p=39366"},"modified":"2023-05-04T13:20:17","modified_gmt":"2023-05-04T16:20:17","slug":"michlig-ayudar-a-todos-los-clubes-y-las-instituciones-es-una-de-mis-prioridades","status":"publish","type":"post","link":"https:\/\/www.almargenweb.com.ar\/web\/michlig-ayudar-a-todos-los-clubes-y-las-instituciones-es-una-de-mis-prioridades\/","title":{"rendered":"Michlig: \u00abAyudar a todos los clubes y las instituciones, es una de mis prioridades\u00bb"},"content":{"rendered":"\n<p>El senador provincial Felipe Michlig lleg\u00f3 a la ciudad de Ceres para firmar importantes convenios con dos instituciones deportivas de la zona: el Club Atl\u00e9tico Ceres Uni\u00f3n (CACU) y el Club Central Argentino Ol\u00edmpico (CCAO).<\/p>\n\n\n\n<p> La firma de los respectivos documentos estuvo encabezada por el legislador, la Intendente Alejandra Dupouy y los presidentes de ambos clubes, Diego Poeta y Andr\u00e9s Bernabeu.<\/p>\n\n\n\n<p>En el marco de este encuentro, se llev\u00f3 a cabo la entrega de aportes institucionales a la Agrupaci\u00f3n Gaucha, la Noroeste de Bochas y subcomisiones de ambas entidades deportivas. <\/p>\n\n\n\n<p>La ceremonia se realiz\u00f3 en el Sal\u00f3n Social Belgrano y cont\u00f3 con la presencia de numerosos dirigentes de las distintas instituciones beneficiadas.<\/p>\n\n\n\n<p>Durante su contacto con los medios de comunicaci\u00f3n, el senador Michlig destac\u00f3 el trabajo conjunto de todos los dirigentes para concretar obras que sirvan a los socios y visitantes de los clubes. <\/p>\n\n\n\n<p>En este sentido, el legislador enumer\u00f3 distintos convenios firmados en otras localidades del departamento, como Suardi y San Crist\u00f3bal, que permiten brindar estas ayudas econ\u00f3micas a las instituciones deportivas.<\/p>\n<!-- AddThis Advanced Settings generic via filter on the_content --><!-- AddThis Share Buttons generic via filter on the_content -->","protected":false},"excerpt":{"rendered":"<p>El senador provincial Felipe Michlig lleg\u00f3 a la ciudad de Ceres para firmar importantes convenios con [&hellip;]<!-- AddThis Advanced Settings generic via filter on get_the_excerpt --><!-- AddThis Share Buttons generic via filter on get_the_excerpt --><\/p>\n","protected":false},"author":16,"featured_media":39369,"comment_status":"open","ping_status":"open","sticky":false,"template":"","format":"standard","meta":{"_seopress_robots_primary_cat":"none","_seopress_titles_title":"","_seopress_titles_desc":"","_seopress_robots_index":"","_themeisle_gutenberg_block_has_review":false,"footnotes":""},"categories":[2,164,19,29,321],"tags":[],"class_list":["post-39366","post","type-post","status-publish","format-standard","has-post-thumbnail","hentry","category-actualidad","category-ambiente","category-educacion","category-regionales","category-san-cristobal"],"_links":{"self":[{"href":"https:\/\/www.almargenweb.com.ar\/web\/wp-json\/wp\/v2\/posts\/39366","targetHints":{"allow":["GET"]}}],"collection":[{"href":"https:\/\/www.almargenweb.com.ar\/web\/wp-json\/wp\/v2\/posts"}],"about":[{"href":"https:\/\/www.almargenweb.com.ar\/web\/wp-json\/wp\/v2\/types\/post"}],"author":[{"embeddable":true,"href":"https:\/\/www.almargenweb.com.ar\/web\/wp-json\/wp\/v2\/users\/16"}],"replies":[{"embeddable":true,"href":"https:\/\/www.almargenweb.com.ar\/web\/wp-json\/wp\/v2\/comments?post=39366"}],"version-history":[{"count":1,"href":"https:\/\/www.almargenweb.com.ar\/web\/wp-json\/wp\/v2\/posts\/39366\/revisions"}],"predecessor-version":[{"id":39370,"href":"https:\/\/www.almargenweb.com.ar\/web\/wp-json\/wp\/v2\/posts\/39366\/revisions\/39370"}],"wp:featuredmedia":[{"embeddable":true,"href":"https:\/\/www.almargenweb.com.ar\/web\/wp-json\/wp\/v2\/media\/39369"}],"wp:attachment":[{"href":"https:\/\/www.almargenweb.com.ar\/web\/wp-json\/wp\/v2\/media?parent=39366"}],"wp:term":[{"taxonomy":"category","embeddable":true,"href":"https:\/\/www.almargenweb.com.ar\/web\/wp-json\/wp\/v2\/categories?post=39366"},{"taxonomy":"post_tag","embeddable":true,"href":"https:\/\/www.almargenweb.com.ar\/web\/wp-json\/wp\/v2\/tags?post=39366"}],"curies":[{"name":"wp","href":"https:\/\/api.w.org\/{rel}","templated":true}]}}