{"id":39359,"date":"2023-05-03T14:22:03","date_gmt":"2023-05-03T17:22:03","guid":{"rendered":"http:\/\/www.almargenweb.com.ar\/web\/?p=39359"},"modified":"2023-05-03T14:22:03","modified_gmt":"2023-05-03T17:22:03","slug":"salud-la-parte-mas-complicada-del-celiaco-es-la-parte-social","status":"publish","type":"post","link":"https:\/\/www.almargenweb.com.ar\/web\/salud-la-parte-mas-complicada-del-celiaco-es-la-parte-social\/","title":{"rendered":"Salud: \u201cLa parte m\u00e1s complicada del cel\u00edaco es la parte social\u201d"},"content":{"rendered":"\n<p>El Gobierno public\u00f3 en el Bolet\u00edn Oficial la normativa que reglamenta la Ley de Celiaqu\u00eda y plantea la incorporaci\u00f3n de la obligatoriedad de ofrecimiento de men\u00fas libres de gluten en diferentes instituciones y establecimientos.<\/p>\n\n\n\n<p> Tambi\u00e9n declara de inter\u00e9s nacional la atenci\u00f3n m\u00e9dica, la investigaci\u00f3n cl\u00ednica, y un tratamiento adecuado para brindar un diagn\u00f3stico temprano y un correcto tratamiento de la celiaqu\u00eda, enfermedad que afecta a 1 de 167 adultos.<\/p>\n\n\n\n<p>Para Maurin Papis, Presidenta de Asistencia al Cel\u00edaco de Argentina en Santa Fe, el panorama tiene otra impronta.<\/p>\n\n\n\n<p>\u201cDesde que sali\u00f3 la ley, hay much\u00edsimos m\u00e1s productos y etiquetados, eso es un gran avance. Nosotros tenemos que mirar cada cosa para ver si tiene o no gluten. La parte m\u00e1s complicada del cel\u00edaco es la parte social. En cuanto a los precios, si antes era dif\u00edcil, con la inflaci\u00f3n m\u00e1s\u201d, dijo Papis.<\/p>\n\n\n\n<p>Por otro lado, la Presidenta de Asistencia al Cel\u00edaco de Argentina en Santa Fe, dijo que \u201cLo que cambia la ley es que se toma la celiaqu\u00eda como una enfermedad. De esta manera, las obras sociales deben cubrir un monto ya que el alimento es la medicaci\u00f3n.Adem\u00e1s, cada medicamento tendr\u00e1 que detallar si contiene gluten. Despu\u00e9s, todos los lugares de concurrencia deben tener su men\u00fa para celiacos\u201d.<\/p>\n<!-- AddThis Advanced Settings generic via filter on the_content --><!-- AddThis Share Buttons generic via filter on the_content -->","protected":false},"excerpt":{"rendered":"<p>El Gobierno public\u00f3 en el Bolet\u00edn Oficial la normativa que reglamenta la Ley de Celiaqu\u00eda y [&hellip;]<!-- AddThis Advanced Settings generic via filter on get_the_excerpt --><!-- AddThis Share Buttons generic via filter on get_the_excerpt --><\/p>\n","protected":false},"author":16,"featured_media":39362,"comment_status":"open","ping_status":"open","sticky":false,"template":"","format":"standard","meta":{"_seopress_robots_primary_cat":"none","_seopress_titles_title":"","_seopress_titles_desc":"","_seopress_robots_index":"","_themeisle_gutenberg_block_has_review":false,"footnotes":""},"categories":[2,164,15],"tags":[],"class_list":["post-39359","post","type-post","status-publish","format-standard","has-post-thumbnail","hentry","category-actualidad","category-ambiente","category-salud"],"_links":{"self":[{"href":"https:\/\/www.almargenweb.com.ar\/web\/wp-json\/wp\/v2\/posts\/39359","targetHints":{"allow":["GET"]}}],"collection":[{"href":"https:\/\/www.almargenweb.com.ar\/web\/wp-json\/wp\/v2\/posts"}],"about":[{"href":"https:\/\/www.almargenweb.com.ar\/web\/wp-json\/wp\/v2\/types\/post"}],"author":[{"embeddable":true,"href":"https:\/\/www.almargenweb.com.ar\/web\/wp-json\/wp\/v2\/users\/16"}],"replies":[{"embeddable":true,"href":"https:\/\/www.almargenweb.com.ar\/web\/wp-json\/wp\/v2\/comments?post=39359"}],"version-history":[{"count":1,"href":"https:\/\/www.almargenweb.com.ar\/web\/wp-json\/wp\/v2\/posts\/39359\/revisions"}],"predecessor-version":[{"id":39363,"href":"https:\/\/www.almargenweb.com.ar\/web\/wp-json\/wp\/v2\/posts\/39359\/revisions\/39363"}],"wp:featuredmedia":[{"embeddable":true,"href":"https:\/\/www.almargenweb.com.ar\/web\/wp-json\/wp\/v2\/media\/39362"}],"wp:attachment":[{"href":"https:\/\/www.almargenweb.com.ar\/web\/wp-json\/wp\/v2\/media?parent=39359"}],"wp:term":[{"taxonomy":"category","embeddable":true,"href":"https:\/\/www.almargenweb.com.ar\/web\/wp-json\/wp\/v2\/categories?post=39359"},{"taxonomy":"post_tag","embeddable":true,"href":"https:\/\/www.almargenweb.com.ar\/web\/wp-json\/wp\/v2\/tags?post=39359"}],"curies":[{"name":"wp","href":"https:\/\/api.w.org\/{rel}","templated":true}]}}