{"id":39351,"date":"2023-05-03T12:47:16","date_gmt":"2023-05-03T15:47:16","guid":{"rendered":"http:\/\/www.almargenweb.com.ar\/web\/?p=39351"},"modified":"2023-05-03T12:47:17","modified_gmt":"2023-05-03T15:47:17","slug":"muller-sobre-la-union-de-las-calles-berutti-y-peru-era-una-demanda-de-los-vecinos-que-logramos-concretar","status":"publish","type":"post","link":"https:\/\/www.almargenweb.com.ar\/web\/muller-sobre-la-union-de-las-calles-berutti-y-peru-era-una-demanda-de-los-vecinos-que-logramos-concretar\/","title":{"rendered":"M\u00fcller sobre la uni\u00f3n de las calles Berutti y Per\u00fa: \u201cEra una demanda de los vecinos que logramos concretar\u201d"},"content":{"rendered":"\n<p>El concejal se refiri\u00f3 a la obra que conecta los Barrios Unidos y Este. \u201cLa pol\u00edtica es esto: estar cerca de los vecinos, escuchar sus necesidades y gestionar las soluciones\u201d, destac\u00f3 M\u00fcller.<\/p>\n\n\n\n<p>El concejal radical y precandidato a intendente, Rodrigo M\u00fcller, destac\u00f3 la concreci\u00f3n de la obra que une las calles Berutti y Per\u00fa, generando una mejor conexi\u00f3n entre los barrios Unidos y Este. \u201cSe trata de una demanda de los vecinos desde hace mucho tiempo que pudimos concretar\u201d, valor\u00f3 M\u00fcller.<\/p>\n\n\n\n<p>\u201cLos vecinos me reclamaban mucho por esta obra para generar en la zona una v\u00eda alternativa a la congestionada avenida Argentina, principalmente para los chicos que van a la escuela\u201d, a\u00f1adi\u00f3 el concejal.<\/p>\n\n\n\n<p>Luego, M\u00fcller se refiri\u00f3 a otra gesti\u00f3n similar que llev\u00f3 adelante y se pudo concretar. \u201cSe trata de la uni\u00f3n entre calle Mahieu y Brigadier L\u00f3pez (Ruta 70) que beneficia el acceso y la salida del barrio Solares del Labriego y que, adem\u00e1s, tambi\u00e9n incorporada en la obra de ampliaci\u00f3n de la Ruta 70\u201d.<\/p>\n\n\n\n<p>\u201cTodos los barrios de la ciudad son importantes, con sus demandas y necesidades particulares que, primero, debemos conocer y, luego, poner todos nuestros esfuerzos para que se solucionen\u201d, a\u00f1adi\u00f3.<\/p>\n\n\n\n<p>\u201cHacer pol\u00edtica es esto: acercarse a los vecinos, escuchar sus necesidades y concretar las soluciones que necesitan para mejorar su calidad de vida. Todos los d\u00edas trabajo con \u00e9se mismo objetivo\u201d, finaliz\u00f3 el precandidato a intendente.<\/p>\n<!-- AddThis Advanced Settings generic via filter on the_content --><!-- AddThis Share Buttons generic via filter on the_content -->","protected":false},"excerpt":{"rendered":"<p>El concejal se refiri\u00f3 a la obra que conecta los Barrios Unidos y Este. \u201cLa pol\u00edtica [&hellip;]<!-- AddThis Advanced Settings generic via filter on get_the_excerpt --><!-- AddThis Share Buttons generic via filter on get_the_excerpt --><\/p>\n","protected":false},"author":16,"featured_media":39354,"comment_status":"open","ping_status":"open","sticky":false,"template":"","format":"standard","meta":{"_seopress_robots_primary_cat":"none","_seopress_titles_title":"","_seopress_titles_desc":"","_seopress_robots_index":"","_themeisle_gutenberg_block_has_review":false,"footnotes":""},"categories":[2,164,47],"tags":[],"class_list":["post-39351","post","type-post","status-publish","format-standard","has-post-thumbnail","hentry","category-actualidad","category-ambiente","category-locales"],"_links":{"self":[{"href":"https:\/\/www.almargenweb.com.ar\/web\/wp-json\/wp\/v2\/posts\/39351","targetHints":{"allow":["GET"]}}],"collection":[{"href":"https:\/\/www.almargenweb.com.ar\/web\/wp-json\/wp\/v2\/posts"}],"about":[{"href":"https:\/\/www.almargenweb.com.ar\/web\/wp-json\/wp\/v2\/types\/post"}],"author":[{"embeddable":true,"href":"https:\/\/www.almargenweb.com.ar\/web\/wp-json\/wp\/v2\/users\/16"}],"replies":[{"embeddable":true,"href":"https:\/\/www.almargenweb.com.ar\/web\/wp-json\/wp\/v2\/comments?post=39351"}],"version-history":[{"count":1,"href":"https:\/\/www.almargenweb.com.ar\/web\/wp-json\/wp\/v2\/posts\/39351\/revisions"}],"predecessor-version":[{"id":39355,"href":"https:\/\/www.almargenweb.com.ar\/web\/wp-json\/wp\/v2\/posts\/39351\/revisions\/39355"}],"wp:featuredmedia":[{"embeddable":true,"href":"https:\/\/www.almargenweb.com.ar\/web\/wp-json\/wp\/v2\/media\/39354"}],"wp:attachment":[{"href":"https:\/\/www.almargenweb.com.ar\/web\/wp-json\/wp\/v2\/media?parent=39351"}],"wp:term":[{"taxonomy":"category","embeddable":true,"href":"https:\/\/www.almargenweb.com.ar\/web\/wp-json\/wp\/v2\/categories?post=39351"},{"taxonomy":"post_tag","embeddable":true,"href":"https:\/\/www.almargenweb.com.ar\/web\/wp-json\/wp\/v2\/tags?post=39351"}],"curies":[{"name":"wp","href":"https:\/\/api.w.org\/{rel}","templated":true}]}}