{"id":39309,"date":"2023-05-01T11:02:53","date_gmt":"2023-05-01T14:02:53","guid":{"rendered":"http:\/\/www.almargenweb.com.ar\/web\/?p=39309"},"modified":"2023-05-01T11:14:02","modified_gmt":"2023-05-01T14:14:02","slug":"desde-este-lunes-426-000-hogares-en-santa-fe-perderan-por-completo-los-subsidios-a-la-luz","status":"publish","type":"post","link":"https:\/\/www.almargenweb.com.ar\/web\/desde-este-lunes-426-000-hogares-en-santa-fe-perderan-por-completo-los-subsidios-a-la-luz\/","title":{"rendered":"Desde este lunes, 426.000 hogares en Santa Fe perder\u00e1n por completo los subsidios a la luz"},"content":{"rendered":"\n<p>Desde este 1\u00ba de mayo, se hace efectivo a nivel nacional el quite de la \u00faltima porci\u00f3n subsidiada de la tarifa el\u00e9ctrica en aquellos hogares de altos ingresos, ubicados por encima de $619.720 mensuales por hogar.<\/p>\n\n\n\n<p>En el caso de la provincia de Santa Fe suman 426.000 clientes residenciales, que perciben por encima de $619.720 mensuales en total por hogar (3,5 canastas b\u00e1sicas para una familia tipo 2, seg\u00fan el Indec). <\/p>\n\n\n\n<p>En lo que corresponde a provincia de Santa Fe, del total de 1.264.300 hogares aproximadamente unos 426.000 est\u00e1n incluidos en el Nivel 1, es decir los de mayores ingresos, representando un 33,7% del total.<\/p>\n\n\n\n<p>La quita del subsidio representar\u00e1 para estos clientes de la EPE un aumento de la tarifa de alrededor del 50%, seg\u00fan consider\u00f3 el ingeniero Jos\u00e9 Stella, docente de la Universidad Nacional del Litoral, gestor energ\u00e9tico y experto en tarifas.<\/p>\n\n\n\n<p><\/p>\n<!-- AddThis Advanced Settings generic via filter on the_content --><!-- AddThis Share Buttons generic via filter on the_content -->","protected":false},"excerpt":{"rendered":"<p>Desde este 1\u00ba de mayo, se hace efectivo a nivel nacional el quite de la \u00faltima [&hellip;]<!-- AddThis Advanced Settings generic via filter on get_the_excerpt --><!-- AddThis Share Buttons generic via filter on get_the_excerpt --><\/p>\n","protected":false},"author":16,"featured_media":39319,"comment_status":"open","ping_status":"open","sticky":false,"template":"","format":"standard","meta":{"_seopress_robots_primary_cat":"none","_seopress_titles_title":"","_seopress_titles_desc":"","_seopress_robots_index":"","_themeisle_gutenberg_block_has_review":false,"footnotes":""},"categories":[2,164,5],"tags":[],"class_list":["post-39309","post","type-post","status-publish","format-standard","has-post-thumbnail","hentry","category-actualidad","category-ambiente","category-economia"],"_links":{"self":[{"href":"https:\/\/www.almargenweb.com.ar\/web\/wp-json\/wp\/v2\/posts\/39309","targetHints":{"allow":["GET"]}}],"collection":[{"href":"https:\/\/www.almargenweb.com.ar\/web\/wp-json\/wp\/v2\/posts"}],"about":[{"href":"https:\/\/www.almargenweb.com.ar\/web\/wp-json\/wp\/v2\/types\/post"}],"author":[{"embeddable":true,"href":"https:\/\/www.almargenweb.com.ar\/web\/wp-json\/wp\/v2\/users\/16"}],"replies":[{"embeddable":true,"href":"https:\/\/www.almargenweb.com.ar\/web\/wp-json\/wp\/v2\/comments?post=39309"}],"version-history":[{"count":1,"href":"https:\/\/www.almargenweb.com.ar\/web\/wp-json\/wp\/v2\/posts\/39309\/revisions"}],"predecessor-version":[{"id":39313,"href":"https:\/\/www.almargenweb.com.ar\/web\/wp-json\/wp\/v2\/posts\/39309\/revisions\/39313"}],"wp:featuredmedia":[{"embeddable":true,"href":"https:\/\/www.almargenweb.com.ar\/web\/wp-json\/wp\/v2\/media\/39319"}],"wp:attachment":[{"href":"https:\/\/www.almargenweb.com.ar\/web\/wp-json\/wp\/v2\/media?parent=39309"}],"wp:term":[{"taxonomy":"category","embeddable":true,"href":"https:\/\/www.almargenweb.com.ar\/web\/wp-json\/wp\/v2\/categories?post=39309"},{"taxonomy":"post_tag","embeddable":true,"href":"https:\/\/www.almargenweb.com.ar\/web\/wp-json\/wp\/v2\/tags?post=39309"}],"curies":[{"name":"wp","href":"https:\/\/api.w.org\/{rel}","templated":true}]}}