{"id":39289,"date":"2023-04-27T11:22:56","date_gmt":"2023-04-27T14:22:56","guid":{"rendered":"http:\/\/www.almargenweb.com.ar\/web\/?p=39289"},"modified":"2023-04-27T11:22:57","modified_gmt":"2023-04-27T14:22:57","slug":"rodrigo-muller-el-plan-de-viviendas-sera-un-antes-y-un-despues-para-la-ciudad","status":"publish","type":"post","link":"https:\/\/www.almargenweb.com.ar\/web\/rodrigo-muller-el-plan-de-viviendas-sera-un-antes-y-un-despues-para-la-ciudad\/","title":{"rendered":"Rodrigo M\u00fcller: \u201cEl Plan de Viviendas ser\u00e1 un antes y un despu\u00e9s para la ciudad\u201d"},"content":{"rendered":"\n<p>El concejal y precandidato a intendente respondi\u00f3 preguntas sobre su proyecto para otorgar 200 lotes y viviendas para familias esperancinas.<\/p>\n\n\n\n<p>El concejal radical y precandidato a intendente, Rodrigo M\u00fcller, expres\u00f3 que \u201ctener un Plan de Viviendas propio ser\u00e1 un hito en la historia de Esperanza\u201d y remarc\u00f3 que \u201csomos una ciudad pujante, con historia, con gente trabajadora, si otras ciudades pueden tener su plan \u00bfpor qu\u00e9 Esperanza no?\u201d.<\/p>\n\n\n\n<p>\u00bfC\u00f3mo se va a financiar el proyecto?<\/p>\n\n\n\n<p>El proyecto ser\u00e1 financiado en su totalidad por el municipio, sin afectar los servicios que presta el municipio ni los sueldos de los empleados. El dinero saldr\u00e1 de lo que ingresa por foto-multas, de cambiar el gasto del INMUHA y de lo que proviene del impuesto Inmobiliario y Patente. Adem\u00e1s, se dejar\u00e1 de gastar dinero en \u201cOtros Servicios y Asistencia T\u00e9cnica\u201d y otros gastos improductivos como \u201cCortes\u00eda y Homenaje, Multas, Tel\u00e9fonos\u201d, entre otros.<\/p>\n\n\n\n<figure class=\"wp-block-image size-large\"><img loading=\"lazy\" decoding=\"async\" width=\"1024\" height=\"684\" src=\"https:\/\/www.almargenweb.com.ar\/web\/wp-content\/uploads\/2023\/04\/WhatsApp-Image-2023-04-25-at-23.25.49-1024x684.jpeg\" alt=\"\" class=\"wp-image-39292\" srcset=\"https:\/\/www.almargenweb.com.ar\/web\/wp-content\/uploads\/2023\/04\/WhatsApp-Image-2023-04-25-at-23.25.49-1024x684.jpeg 1024w, https:\/\/www.almargenweb.com.ar\/web\/wp-content\/uploads\/2023\/04\/WhatsApp-Image-2023-04-25-at-23.25.49-300x200.jpeg 300w, https:\/\/www.almargenweb.com.ar\/web\/wp-content\/uploads\/2023\/04\/WhatsApp-Image-2023-04-25-at-23.25.49-768x513.jpeg 768w, https:\/\/www.almargenweb.com.ar\/web\/wp-content\/uploads\/2023\/04\/WhatsApp-Image-2023-04-25-at-23.25.49.jpeg 1200w\" sizes=\"auto, (max-width: 1024px) 100vw, 1024px\" \/><figcaption class=\"wp-element-caption\">&#8220;Se trata de un proyecto ambicioso&#8221;  dijo el concejal y precandidato a intendente esperancino.<\/figcaption><\/figure>\n\n\n\n<p>\u00bfPor qu\u00e9 son 200 oportunidades?<\/p>\n\n\n\n<p>Porque se trata de un proyecto ambicioso y, en cuatro a\u00f1os, 200 es el n\u00famero m\u00e1ximo al que se puede llegar utilizando \u00edntegramente lo que el Estado municipal puede aportar desde su presupuesto anual. El d\u00e9ficit habitacional en la ciudad es muy grande y creemos que desde el municipio se puede hacer mucho m\u00e1s para solucionarlo que esperar alg\u00fan plan de viviendas provincial o nacional que llegue a la ciudad.<\/p>\n\n\n\n<p>Se le ha criticado la inviabilidad del proyecto \u00bfqu\u00e9 tiene para responder al respecto?<\/p>\n\n\n\n<p>Que se trata de un proyecto que hemos estudiado y armado con un equipo de trabajo muy capacitado. El proyecto es concreto y sustentable, hemos estudiado casos de otras localidades como Franck y San Carlos Centro, que llevan adelante proyectos similares con mucho \u00e9xito. Aqu\u00ed solo falta la decisi\u00f3n pol\u00edtica de llevarlo adelante para brindar una respuesta a una de las problem\u00e1ticas m\u00e1s grandes que tiene nuestra ciudad que es el acceso a la vivienda propia. Si asumo como intendente ser\u00e1 una de las prioridades de mi gesti\u00f3n.<\/p>\n\n\n\n<p>\u00bfQu\u00e9 le dir\u00eda a las familias esperancinas que anhelan la oportunidad de tener una vivienda propia?<\/p>\n\n\n\n<p>Que s\u00e9 lo que dignifica tener una vivienda propia, que entiendo su necesidad y que voy a trabajar desde el d\u00eda 1 para llevar adelante este proyecto que marcar\u00e1 un antes y un despu\u00e9s en la vida de esas 200 familias esperancinas y en la ciudad. Les pido que conf\u00eden en m\u00ed, que esto no es otra falsa promesa sino que es un proyecto concreto que, con su ayuda, se puede volver realidad.<\/p>\n<!-- AddThis Advanced Settings generic via filter on the_content --><!-- AddThis Share Buttons generic via filter on the_content -->","protected":false},"excerpt":{"rendered":"<p>El concejal y precandidato a intendente respondi\u00f3 preguntas sobre su proyecto para otorgar 200 lotes y [&hellip;]<!-- AddThis Advanced Settings generic via filter on get_the_excerpt --><!-- AddThis Share Buttons generic via filter on get_the_excerpt --><\/p>\n","protected":false},"author":16,"featured_media":39293,"comment_status":"open","ping_status":"open","sticky":false,"template":"","format":"standard","meta":{"_seopress_robots_primary_cat":"none","_seopress_titles_title":"","_seopress_titles_desc":"","_seopress_robots_index":"","_themeisle_gutenberg_block_has_review":false,"footnotes":""},"categories":[2,164,21,9],"tags":[],"class_list":["post-39289","post","type-post","status-publish","format-standard","has-post-thumbnail","hentry","category-actualidad","category-ambiente","category-las-colonias","category-politica"],"_links":{"self":[{"href":"https:\/\/www.almargenweb.com.ar\/web\/wp-json\/wp\/v2\/posts\/39289","targetHints":{"allow":["GET"]}}],"collection":[{"href":"https:\/\/www.almargenweb.com.ar\/web\/wp-json\/wp\/v2\/posts"}],"about":[{"href":"https:\/\/www.almargenweb.com.ar\/web\/wp-json\/wp\/v2\/types\/post"}],"author":[{"embeddable":true,"href":"https:\/\/www.almargenweb.com.ar\/web\/wp-json\/wp\/v2\/users\/16"}],"replies":[{"embeddable":true,"href":"https:\/\/www.almargenweb.com.ar\/web\/wp-json\/wp\/v2\/comments?post=39289"}],"version-history":[{"count":1,"href":"https:\/\/www.almargenweb.com.ar\/web\/wp-json\/wp\/v2\/posts\/39289\/revisions"}],"predecessor-version":[{"id":39294,"href":"https:\/\/www.almargenweb.com.ar\/web\/wp-json\/wp\/v2\/posts\/39289\/revisions\/39294"}],"wp:featuredmedia":[{"embeddable":true,"href":"https:\/\/www.almargenweb.com.ar\/web\/wp-json\/wp\/v2\/media\/39293"}],"wp:attachment":[{"href":"https:\/\/www.almargenweb.com.ar\/web\/wp-json\/wp\/v2\/media?parent=39289"}],"wp:term":[{"taxonomy":"category","embeddable":true,"href":"https:\/\/www.almargenweb.com.ar\/web\/wp-json\/wp\/v2\/categories?post=39289"},{"taxonomy":"post_tag","embeddable":true,"href":"https:\/\/www.almargenweb.com.ar\/web\/wp-json\/wp\/v2\/tags?post=39289"}],"curies":[{"name":"wp","href":"https:\/\/api.w.org\/{rel}","templated":true}]}}