{"id":39284,"date":"2023-04-27T10:34:02","date_gmt":"2023-04-27T13:34:02","guid":{"rendered":"http:\/\/www.almargenweb.com.ar\/web\/?p=39284"},"modified":"2023-04-27T10:34:03","modified_gmt":"2023-04-27T13:34:03","slug":"advertencia-violeta-por-densa-niebla-para-casi-toda-la-provincia","status":"publish","type":"post","link":"https:\/\/www.almargenweb.com.ar\/web\/advertencia-violeta-por-densa-niebla-para-casi-toda-la-provincia\/","title":{"rendered":"Advertencia violeta por densa niebla para casi toda la provincia"},"content":{"rendered":"\n<p>El Servicio Meteorol\u00f3gico Nacional (SMN) advirti\u00f3 por la presencia de niebla en la regi\u00f3n este jueves, fen\u00f3meno que se viene dando esta semana con alta humedad y temperaturas m\u00e1s elevadas que la anterior.<\/p>\n\n\n\n<p>Casi toda la provincia de Santa Fe \u2013se except\u00faan los departamentos Caseros y General L\u00f3pez, en el sudoeste provincial\u2013 se encuentra alcanzada por el aviso especial que habla de \u201cfen\u00f3menos que pueden representar inconvenientes o dificultades en el normal desenvolvimiento en la vida social\u201d.<\/p>\n\n\n\n<p>La niebla tambi\u00e9n afectar\u00e1 en las pr\u00f3ximas horas a Entre R\u00edos, gran parte de Corrientes y el centro, sur y este de la provincia de Buenos Aires, de acuerdo al parte oficial vigente.<\/p>\n\n\n\n<p>La Secretar\u00eda Protecci\u00f3n Civil y Gesti\u00f3n de Riesgos de Santa Fe reproduce la advertencia del SMN en sus redes y acompa\u00f1a con una serie de recomendaciones a tener en cuenta en caso de conducir en rutas o zonas suburbanas.<\/p>\n<!-- AddThis Advanced Settings generic via filter on the_content --><!-- AddThis Share Buttons generic via filter on the_content -->","protected":false},"excerpt":{"rendered":"<p>El Servicio Meteorol\u00f3gico Nacional (SMN) advirti\u00f3 por la presencia de niebla en la regi\u00f3n este jueves, [&hellip;]<!-- AddThis Advanced Settings generic via filter on get_the_excerpt --><!-- AddThis Share Buttons generic via filter on get_the_excerpt --><\/p>\n","protected":false},"author":16,"featured_media":39287,"comment_status":"open","ping_status":"open","sticky":false,"template":"","format":"standard","meta":{"_seopress_robots_primary_cat":"none","_seopress_titles_title":"","_seopress_titles_desc":"","_seopress_robots_index":"","_themeisle_gutenberg_block_has_review":false,"footnotes":""},"categories":[2,164],"tags":[],"class_list":["post-39284","post","type-post","status-publish","format-standard","has-post-thumbnail","hentry","category-actualidad","category-ambiente"],"_links":{"self":[{"href":"https:\/\/www.almargenweb.com.ar\/web\/wp-json\/wp\/v2\/posts\/39284","targetHints":{"allow":["GET"]}}],"collection":[{"href":"https:\/\/www.almargenweb.com.ar\/web\/wp-json\/wp\/v2\/posts"}],"about":[{"href":"https:\/\/www.almargenweb.com.ar\/web\/wp-json\/wp\/v2\/types\/post"}],"author":[{"embeddable":true,"href":"https:\/\/www.almargenweb.com.ar\/web\/wp-json\/wp\/v2\/users\/16"}],"replies":[{"embeddable":true,"href":"https:\/\/www.almargenweb.com.ar\/web\/wp-json\/wp\/v2\/comments?post=39284"}],"version-history":[{"count":1,"href":"https:\/\/www.almargenweb.com.ar\/web\/wp-json\/wp\/v2\/posts\/39284\/revisions"}],"predecessor-version":[{"id":39288,"href":"https:\/\/www.almargenweb.com.ar\/web\/wp-json\/wp\/v2\/posts\/39284\/revisions\/39288"}],"wp:featuredmedia":[{"embeddable":true,"href":"https:\/\/www.almargenweb.com.ar\/web\/wp-json\/wp\/v2\/media\/39287"}],"wp:attachment":[{"href":"https:\/\/www.almargenweb.com.ar\/web\/wp-json\/wp\/v2\/media?parent=39284"}],"wp:term":[{"taxonomy":"category","embeddable":true,"href":"https:\/\/www.almargenweb.com.ar\/web\/wp-json\/wp\/v2\/categories?post=39284"},{"taxonomy":"post_tag","embeddable":true,"href":"https:\/\/www.almargenweb.com.ar\/web\/wp-json\/wp\/v2\/tags?post=39284"}],"curies":[{"name":"wp","href":"https:\/\/api.w.org\/{rel}","templated":true}]}}