{"id":39263,"date":"2023-04-25T11:14:51","date_gmt":"2023-04-25T14:14:51","guid":{"rendered":"http:\/\/www.almargenweb.com.ar\/web\/?p=39263"},"modified":"2023-04-25T11:14:52","modified_gmt":"2023-04-25T14:14:52","slug":"rodrigo-muller-esperanza-necesita-una-guardia-urbana","status":"publish","type":"post","link":"https:\/\/www.almargenweb.com.ar\/web\/rodrigo-muller-esperanza-necesita-una-guardia-urbana\/","title":{"rendered":"Rodrigo M\u00fcller: \u201cEsperanza necesita una Guardia Urbana\u201d"},"content":{"rendered":"\n<p>El concejal radical y precandidato a intendente, Rodrigo M\u00fcller, se reuni\u00f3 con el director general del Instituto de Seguridad P\u00fablica (ISEP), Ariel S\u00e1nchez, con el objetivo de interiorizarse sobre los recursos del instituto para capacitar guardias urbanas y la posibilidad de aplicarlos en nuestra ciudad.<\/p>\n\n\n\n<p>Luego de la audiencia, M\u00fcller se mostr\u00f3 \u201ccontento porque el ISEP cuenta con una vasta experiencia capacitando guardias urbanas que podemos aprovechar para formar una fuerza de prevenci\u00f3n a la altura de las necesidades de Esperanza\u201d.<\/p>\n\n\n\n<p>\u201cMe pareci\u00f3 muy interesante que no solo se capacite para actuar en la v\u00eda p\u00fablica sino tambi\u00e9n en tecnicaturas en Investigaci\u00f3n Criminal y en An\u00e1lisis del Delito, aspectos que les permite a los guardias urbanos manejar y analizar los sistemas de videovigilancia, lo que representar\u00eda un salto cualitativo para la ciudad\u201d, destac\u00f3 el concejal.<\/p>\n\n\n\n<p>\u201cTambi\u00e9n pudimos dialogar sobre los alcances de la central de an\u00e1lisis criminal \u201cEl Ojo\u201d con la que cuenta la provincia en Rosario a la cual cada localidad puede enviar sus datos de delitos y all\u00ed se analiza y entregan una devoluci\u00f3n. Se trata de una herramienta muy importante que actualmente el municipio no est\u00e1 utilizando\u201d, mencion\u00f3.<\/p>\n\n\n\n<p>Por \u00faltimo, M\u00fcller expres\u00f3 que \u201cla creaci\u00f3n de una Guardia Urbana capacitada ser\u00e1 una de las prioridades si asumo como intendente porque considero que, a pesar de que la seguridad es responsabilidad de la provincia, el municipio puede y debe hacer m\u00e1s de lo que hoy se hace para que los esperancinos y esperancinas puedan vivir seguros\u201d.<\/p>\n\n\n\n<p>De la reuni\u00f3n participaron tambi\u00e9n la Dra. Samira Cobos y Julian Mansilla, integrantes del equipo de Rodrigo M\u00fcller.<\/p>\n<!-- AddThis Advanced Settings generic via filter on the_content --><!-- AddThis Share Buttons generic via filter on the_content -->","protected":false},"excerpt":{"rendered":"<p>El concejal radical y precandidato a intendente, Rodrigo M\u00fcller, se reuni\u00f3 con el director general del [&hellip;]<!-- AddThis Advanced Settings generic via filter on get_the_excerpt --><!-- AddThis Share Buttons generic via filter on get_the_excerpt --><\/p>\n","protected":false},"author":16,"featured_media":39266,"comment_status":"open","ping_status":"open","sticky":false,"template":"","format":"standard","meta":{"_seopress_robots_primary_cat":"none","_seopress_titles_title":"","_seopress_titles_desc":"","_seopress_robots_index":"","_themeisle_gutenberg_block_has_review":false,"footnotes":""},"categories":[2,164,9],"tags":[],"class_list":["post-39263","post","type-post","status-publish","format-standard","has-post-thumbnail","hentry","category-actualidad","category-ambiente","category-politica"],"_links":{"self":[{"href":"https:\/\/www.almargenweb.com.ar\/web\/wp-json\/wp\/v2\/posts\/39263","targetHints":{"allow":["GET"]}}],"collection":[{"href":"https:\/\/www.almargenweb.com.ar\/web\/wp-json\/wp\/v2\/posts"}],"about":[{"href":"https:\/\/www.almargenweb.com.ar\/web\/wp-json\/wp\/v2\/types\/post"}],"author":[{"embeddable":true,"href":"https:\/\/www.almargenweb.com.ar\/web\/wp-json\/wp\/v2\/users\/16"}],"replies":[{"embeddable":true,"href":"https:\/\/www.almargenweb.com.ar\/web\/wp-json\/wp\/v2\/comments?post=39263"}],"version-history":[{"count":1,"href":"https:\/\/www.almargenweb.com.ar\/web\/wp-json\/wp\/v2\/posts\/39263\/revisions"}],"predecessor-version":[{"id":39267,"href":"https:\/\/www.almargenweb.com.ar\/web\/wp-json\/wp\/v2\/posts\/39263\/revisions\/39267"}],"wp:featuredmedia":[{"embeddable":true,"href":"https:\/\/www.almargenweb.com.ar\/web\/wp-json\/wp\/v2\/media\/39266"}],"wp:attachment":[{"href":"https:\/\/www.almargenweb.com.ar\/web\/wp-json\/wp\/v2\/media?parent=39263"}],"wp:term":[{"taxonomy":"category","embeddable":true,"href":"https:\/\/www.almargenweb.com.ar\/web\/wp-json\/wp\/v2\/categories?post=39263"},{"taxonomy":"post_tag","embeddable":true,"href":"https:\/\/www.almargenweb.com.ar\/web\/wp-json\/wp\/v2\/tags?post=39263"}],"curies":[{"name":"wp","href":"https:\/\/api.w.org\/{rel}","templated":true}]}}