{"id":39253,"date":"2023-04-21T09:30:14","date_gmt":"2023-04-21T12:30:14","guid":{"rendered":"http:\/\/www.almargenweb.com.ar\/web\/?p=39253"},"modified":"2023-04-21T09:30:16","modified_gmt":"2023-04-21T12:30:16","slug":"maximiliano-pullaro-tenemos-la-fuerza-capacidad-y-experiencia-para-cambiar-santa-fe","status":"publish","type":"post","link":"https:\/\/www.almargenweb.com.ar\/web\/maximiliano-pullaro-tenemos-la-fuerza-capacidad-y-experiencia-para-cambiar-santa-fe\/","title":{"rendered":"Maximiliano Pullaro: \u201cTenemos la fuerza, capacidad y experiencia para cambiar Santa Fe\u201d"},"content":{"rendered":"\n<p>El diputado provincial de Juntos por el Cambio Maximiliano Pullaro pic\u00f3 en punta y es el primer precandidato a gobernador por el nuevo espacio Unidos para Cambiar Santa Fe, el frente que re\u00fane a los principales partidos y referentes de la oposici\u00f3n en la provincia. \u201cNos une un mismo sue\u00f1o, las ganas de cambiar esta realidad\u201d, dijo Pullaro.<\/p>\n\n\n\n<p>Desde Esperanza acompa\u00f1ado por el productor y referente agropecuario Esteban Motta, y en simult\u00e1neo con el diputado nacional Gabriel Chumpitaz en Rosario y el economista Pablo Olivares en Santa Fe, la presentaci\u00f3n se bas\u00f3 en mensajes simples y directos sobre los temas de agenda que m\u00e1s preocupan a la gente y en conexi\u00f3n directa con los seguidores a trav\u00e9s de las redes sociales del propio Pullaro.<\/p>\n\n\n\n<p>Pullaro destac\u00f3 su experiencia de gesti\u00f3n y remarc\u00f3 que desde hace m\u00e1s de 15 meses viene \u201crecorriendo la provincia, escuchando a cada vecino de cada pueblo, de cada ciudad, de cada regi\u00f3n. Todas tan distintas y con tanto potencial. <\/p>\n\n\n\n<p>Somos muchas provincias en una, pero a todos nos une un mismo sue\u00f1o: las ganas de cambiar esta realidad y la fuerza para salir, para demostrar que Santa Fe Puede\u201d.<\/p>\n\n\n\n<p><\/p>\n<!-- AddThis Advanced Settings generic via filter on the_content --><!-- AddThis Share Buttons generic via filter on the_content -->","protected":false},"excerpt":{"rendered":"<p>El diputado provincial de Juntos por el Cambio Maximiliano Pullaro pic\u00f3 en punta y es el [&hellip;]<!-- AddThis Advanced Settings generic via filter on get_the_excerpt --><!-- AddThis Share Buttons generic via filter on get_the_excerpt --><\/p>\n","protected":false},"author":16,"featured_media":39256,"comment_status":"open","ping_status":"open","sticky":false,"template":"","format":"standard","meta":{"_seopress_robots_primary_cat":"none","_seopress_titles_title":"","_seopress_titles_desc":"","_seopress_robots_index":"","_themeisle_gutenberg_block_has_review":false,"footnotes":""},"categories":[2,164,9],"tags":[],"class_list":["post-39253","post","type-post","status-publish","format-standard","has-post-thumbnail","hentry","category-actualidad","category-ambiente","category-politica"],"_links":{"self":[{"href":"https:\/\/www.almargenweb.com.ar\/web\/wp-json\/wp\/v2\/posts\/39253","targetHints":{"allow":["GET"]}}],"collection":[{"href":"https:\/\/www.almargenweb.com.ar\/web\/wp-json\/wp\/v2\/posts"}],"about":[{"href":"https:\/\/www.almargenweb.com.ar\/web\/wp-json\/wp\/v2\/types\/post"}],"author":[{"embeddable":true,"href":"https:\/\/www.almargenweb.com.ar\/web\/wp-json\/wp\/v2\/users\/16"}],"replies":[{"embeddable":true,"href":"https:\/\/www.almargenweb.com.ar\/web\/wp-json\/wp\/v2\/comments?post=39253"}],"version-history":[{"count":1,"href":"https:\/\/www.almargenweb.com.ar\/web\/wp-json\/wp\/v2\/posts\/39253\/revisions"}],"predecessor-version":[{"id":39257,"href":"https:\/\/www.almargenweb.com.ar\/web\/wp-json\/wp\/v2\/posts\/39253\/revisions\/39257"}],"wp:featuredmedia":[{"embeddable":true,"href":"https:\/\/www.almargenweb.com.ar\/web\/wp-json\/wp\/v2\/media\/39256"}],"wp:attachment":[{"href":"https:\/\/www.almargenweb.com.ar\/web\/wp-json\/wp\/v2\/media?parent=39253"}],"wp:term":[{"taxonomy":"category","embeddable":true,"href":"https:\/\/www.almargenweb.com.ar\/web\/wp-json\/wp\/v2\/categories?post=39253"},{"taxonomy":"post_tag","embeddable":true,"href":"https:\/\/www.almargenweb.com.ar\/web\/wp-json\/wp\/v2\/tags?post=39253"}],"curies":[{"name":"wp","href":"https:\/\/api.w.org\/{rel}","templated":true}]}}