{"id":39245,"date":"2023-04-20T11:28:03","date_gmt":"2023-04-20T14:28:03","guid":{"rendered":"http:\/\/www.almargenweb.com.ar\/web\/?p=39245"},"modified":"2023-04-20T11:28:04","modified_gmt":"2023-04-20T14:28:04","slug":"aumentos-sin-fin-la-inflacion-en-marzo-fue-record-de-78-y-casi-102-en-un-ano","status":"publish","type":"post","link":"https:\/\/www.almargenweb.com.ar\/web\/aumentos-sin-fin-la-inflacion-en-marzo-fue-record-de-78-y-casi-102-en-un-ano\/","title":{"rendered":"Aumentos sin fin: la inflaci\u00f3n en marzo fue r\u00e9cord de 7,8% y casi 102% en un a\u00f1o"},"content":{"rendered":"\n<p>El Ipec dio a conocer este mi\u00e9rcoles el dato de inflaci\u00f3n de la provincia de Santa Fe-\u00cdndice de Precios al Consumidor (IPC Santa Fe)- que arroj\u00f3 un aumento r\u00e9cord del 7,8% durante marzo.<\/p>\n\n\n\n<p>El dato hist\u00f3rico m\u00e1s alto desde la creaci\u00f3n de este indicador- mostrando nuevamente una fuerte aceleraci\u00f3n respecto a los meses previos.<\/p>\n\n\n\n<p>De esta forma, la inflaci\u00f3n acumulada en el territorio provincial durante los primeros tres meses del 2023 alcanza el 21,3% y trepa al r\u00e9cord de 101,9% en 12 meses, levemente por debajo de los n\u00fameros a nivel nacional.<\/p>\n\n\n\n<p>Seg\u00fan el informe, el aumento de precios durante el tercer mes del 2023 estuvo impulsado por el rubro \u201c Educaci\u00f3n \u201d que se dispar\u00f3 un +18,5%, seguido por \u201c Vivienda y servicios b\u00e1sicos \u201d con un +12,5%.<\/p>\n\n\n\n<p> El rubro \u201cAlimentos y bebidas no alcoh\u00f3licas \u201d tuvo un salto de 9,4% en marzo y del +27% en solo tres meses, por arriba del \u00edndice general, acumulando un preocupante 109% desde marzo del 2022.<\/p>\n\n\n\n<p><\/p>\n<!-- AddThis Advanced Settings generic via filter on the_content --><!-- AddThis Share Buttons generic via filter on the_content -->","protected":false},"excerpt":{"rendered":"<p>El Ipec dio a conocer este mi\u00e9rcoles el dato de inflaci\u00f3n de la provincia de Santa [&hellip;]<!-- AddThis Advanced Settings generic via filter on get_the_excerpt --><!-- AddThis Share Buttons generic via filter on get_the_excerpt --><\/p>\n","protected":false},"author":16,"featured_media":39248,"comment_status":"open","ping_status":"open","sticky":false,"template":"","format":"standard","meta":{"_seopress_robots_primary_cat":"none","_seopress_titles_title":"","_seopress_titles_desc":"","_seopress_robots_index":"","_themeisle_gutenberg_block_has_review":false,"footnotes":""},"categories":[2,5,9],"tags":[],"class_list":["post-39245","post","type-post","status-publish","format-standard","has-post-thumbnail","hentry","category-actualidad","category-economia","category-politica"],"_links":{"self":[{"href":"https:\/\/www.almargenweb.com.ar\/web\/wp-json\/wp\/v2\/posts\/39245","targetHints":{"allow":["GET"]}}],"collection":[{"href":"https:\/\/www.almargenweb.com.ar\/web\/wp-json\/wp\/v2\/posts"}],"about":[{"href":"https:\/\/www.almargenweb.com.ar\/web\/wp-json\/wp\/v2\/types\/post"}],"author":[{"embeddable":true,"href":"https:\/\/www.almargenweb.com.ar\/web\/wp-json\/wp\/v2\/users\/16"}],"replies":[{"embeddable":true,"href":"https:\/\/www.almargenweb.com.ar\/web\/wp-json\/wp\/v2\/comments?post=39245"}],"version-history":[{"count":1,"href":"https:\/\/www.almargenweb.com.ar\/web\/wp-json\/wp\/v2\/posts\/39245\/revisions"}],"predecessor-version":[{"id":39249,"href":"https:\/\/www.almargenweb.com.ar\/web\/wp-json\/wp\/v2\/posts\/39245\/revisions\/39249"}],"wp:featuredmedia":[{"embeddable":true,"href":"https:\/\/www.almargenweb.com.ar\/web\/wp-json\/wp\/v2\/media\/39248"}],"wp:attachment":[{"href":"https:\/\/www.almargenweb.com.ar\/web\/wp-json\/wp\/v2\/media?parent=39245"}],"wp:term":[{"taxonomy":"category","embeddable":true,"href":"https:\/\/www.almargenweb.com.ar\/web\/wp-json\/wp\/v2\/categories?post=39245"},{"taxonomy":"post_tag","embeddable":true,"href":"https:\/\/www.almargenweb.com.ar\/web\/wp-json\/wp\/v2\/tags?post=39245"}],"curies":[{"name":"wp","href":"https:\/\/api.w.org\/{rel}","templated":true}]}}