{"id":39235,"date":"2023-04-18T10:02:05","date_gmt":"2023-04-18T13:02:05","guid":{"rendered":"http:\/\/www.almargenweb.com.ar\/web\/?p=39235"},"modified":"2023-04-18T10:02:06","modified_gmt":"2023-04-18T13:02:06","slug":"educacion-unl-garantiza-un-minimo-de-180-dias-de-clases-en-sus-escuelas-preuniversitarias","status":"publish","type":"post","link":"https:\/\/www.almargenweb.com.ar\/web\/educacion-unl-garantiza-un-minimo-de-180-dias-de-clases-en-sus-escuelas-preuniversitarias\/","title":{"rendered":"Educaci\u00f3n: UNL garantiza un m\u00ednimo de 180 d\u00edas de clases en sus escuelas preuniversitarias"},"content":{"rendered":"\n<p>El Consejo Superior de la Universidad Nacional del Litoral resolvi\u00f3 por unanimidad el \u201cfijar un ciclo lectivo anual m\u00ednimo de 180 d\u00edas efectivos de clase para los establecimientos preuniversitarios de la UNL.<\/p>\n\n\n\n<p> En este sentido, adem\u00e1s, el documento oficial indica que la instituci\u00f3n propiciar\u00e1 \u201ca partir del calendario acad\u00e9mico 2024el cumplimiento de al menos 190 d\u00edas efectivos de clases en todos los establecimientos preuniversitarios\u201d.<\/p>\n\n\n\n<p>Cabe recordar que el Sistema Preuniversitario de la UNL abarca el Jard\u00edn \u201cLa Ronda\u201d y las escuelas Primaria, Secundaria, Industrial Superior y de Agronom\u00eda, Ganader\u00eda y Granja.<\/p>\n<!-- AddThis Advanced Settings generic via filter on the_content --><!-- AddThis Share Buttons generic via filter on the_content -->","protected":false},"excerpt":{"rendered":"<p>El Consejo Superior de la Universidad Nacional del Litoral resolvi\u00f3 por unanimidad el \u201cfijar un ciclo [&hellip;]<!-- AddThis Advanced Settings generic via filter on get_the_excerpt --><!-- AddThis Share Buttons generic via filter on get_the_excerpt --><\/p>\n","protected":false},"author":16,"featured_media":39238,"comment_status":"open","ping_status":"open","sticky":false,"template":"","format":"standard","meta":{"_seopress_robots_primary_cat":"none","_seopress_titles_title":"","_seopress_titles_desc":"","_seopress_robots_index":"","_themeisle_gutenberg_block_has_review":false,"footnotes":""},"categories":[2,19],"tags":[],"class_list":["post-39235","post","type-post","status-publish","format-standard","has-post-thumbnail","hentry","category-actualidad","category-educacion"],"_links":{"self":[{"href":"https:\/\/www.almargenweb.com.ar\/web\/wp-json\/wp\/v2\/posts\/39235","targetHints":{"allow":["GET"]}}],"collection":[{"href":"https:\/\/www.almargenweb.com.ar\/web\/wp-json\/wp\/v2\/posts"}],"about":[{"href":"https:\/\/www.almargenweb.com.ar\/web\/wp-json\/wp\/v2\/types\/post"}],"author":[{"embeddable":true,"href":"https:\/\/www.almargenweb.com.ar\/web\/wp-json\/wp\/v2\/users\/16"}],"replies":[{"embeddable":true,"href":"https:\/\/www.almargenweb.com.ar\/web\/wp-json\/wp\/v2\/comments?post=39235"}],"version-history":[{"count":1,"href":"https:\/\/www.almargenweb.com.ar\/web\/wp-json\/wp\/v2\/posts\/39235\/revisions"}],"predecessor-version":[{"id":39239,"href":"https:\/\/www.almargenweb.com.ar\/web\/wp-json\/wp\/v2\/posts\/39235\/revisions\/39239"}],"wp:featuredmedia":[{"embeddable":true,"href":"https:\/\/www.almargenweb.com.ar\/web\/wp-json\/wp\/v2\/media\/39238"}],"wp:attachment":[{"href":"https:\/\/www.almargenweb.com.ar\/web\/wp-json\/wp\/v2\/media?parent=39235"}],"wp:term":[{"taxonomy":"category","embeddable":true,"href":"https:\/\/www.almargenweb.com.ar\/web\/wp-json\/wp\/v2\/categories?post=39235"},{"taxonomy":"post_tag","embeddable":true,"href":"https:\/\/www.almargenweb.com.ar\/web\/wp-json\/wp\/v2\/tags?post=39235"}],"curies":[{"name":"wp","href":"https:\/\/api.w.org\/{rel}","templated":true}]}}