{"id":39230,"date":"2023-04-17T11:14:38","date_gmt":"2023-04-17T14:14:38","guid":{"rendered":"http:\/\/www.almargenweb.com.ar\/web\/?p=39230"},"modified":"2023-04-17T11:14:39","modified_gmt":"2023-04-17T14:14:39","slug":"rafaela-confirmaron-la-tercera-muerte-por-dengue-en-la-provincia","status":"publish","type":"post","link":"https:\/\/www.almargenweb.com.ar\/web\/rafaela-confirmaron-la-tercera-muerte-por-dengue-en-la-provincia\/","title":{"rendered":"Rafaela: confirmaron la tercera muerte por dengue en la provincia"},"content":{"rendered":"\n<p>Se trata de una joven de 21 a\u00f1os que falleci\u00f3 en Rafaela por haber contra\u00eddo la enfermedad.<\/p>\n\n\n\n<p>La mujer estaba internada en terapia intensiva del hospital &#8220;Jaime Ferr\u00e9&#8221;. Emilio Scarinci, director del efector local, manifest\u00f3 que &#8220;durante la ma\u00f1ana de este domingo ingres\u00f3 al hospital una paciente de 21 a\u00f1os con un cuadro de dengue grave. Es internada en terapia intensiva, y a pesar de todas las maniobras de reanimaci\u00f3n falleci\u00f3 a las pocas horas&#8221;.<\/p>\n\n\n\n<p>Es el tercer deceso confirmado producto del dengue, el primero se registr\u00f3 el 11 de marzo en la ciudad de Reconquista con un hombre de 77 a\u00f1os, y el 30 de marzo falleci\u00f3 una mujer de 69 a\u00f1os residente en la ciudad de Santa Fe.<\/p>\n<!-- AddThis Advanced Settings generic via filter on the_content --><!-- AddThis Share Buttons generic via filter on the_content -->","protected":false},"excerpt":{"rendered":"<p>Se trata de una joven de 21 a\u00f1os que falleci\u00f3 en Rafaela por haber contra\u00eddo la [&hellip;]<!-- AddThis Advanced Settings generic via filter on get_the_excerpt --><!-- AddThis Share Buttons generic via filter on get_the_excerpt --><\/p>\n","protected":false},"author":16,"featured_media":39233,"comment_status":"open","ping_status":"open","sticky":false,"template":"","format":"standard","meta":{"_seopress_robots_primary_cat":"none","_seopress_titles_title":"","_seopress_titles_desc":"","_seopress_robots_index":"","_themeisle_gutenberg_block_has_review":false,"footnotes":""},"categories":[2,164,15],"tags":[],"class_list":["post-39230","post","type-post","status-publish","format-standard","has-post-thumbnail","hentry","category-actualidad","category-ambiente","category-salud"],"_links":{"self":[{"href":"https:\/\/www.almargenweb.com.ar\/web\/wp-json\/wp\/v2\/posts\/39230","targetHints":{"allow":["GET"]}}],"collection":[{"href":"https:\/\/www.almargenweb.com.ar\/web\/wp-json\/wp\/v2\/posts"}],"about":[{"href":"https:\/\/www.almargenweb.com.ar\/web\/wp-json\/wp\/v2\/types\/post"}],"author":[{"embeddable":true,"href":"https:\/\/www.almargenweb.com.ar\/web\/wp-json\/wp\/v2\/users\/16"}],"replies":[{"embeddable":true,"href":"https:\/\/www.almargenweb.com.ar\/web\/wp-json\/wp\/v2\/comments?post=39230"}],"version-history":[{"count":1,"href":"https:\/\/www.almargenweb.com.ar\/web\/wp-json\/wp\/v2\/posts\/39230\/revisions"}],"predecessor-version":[{"id":39234,"href":"https:\/\/www.almargenweb.com.ar\/web\/wp-json\/wp\/v2\/posts\/39230\/revisions\/39234"}],"wp:featuredmedia":[{"embeddable":true,"href":"https:\/\/www.almargenweb.com.ar\/web\/wp-json\/wp\/v2\/media\/39233"}],"wp:attachment":[{"href":"https:\/\/www.almargenweb.com.ar\/web\/wp-json\/wp\/v2\/media?parent=39230"}],"wp:term":[{"taxonomy":"category","embeddable":true,"href":"https:\/\/www.almargenweb.com.ar\/web\/wp-json\/wp\/v2\/categories?post=39230"},{"taxonomy":"post_tag","embeddable":true,"href":"https:\/\/www.almargenweb.com.ar\/web\/wp-json\/wp\/v2\/tags?post=39230"}],"curies":[{"name":"wp","href":"https:\/\/api.w.org\/{rel}","templated":true}]}}