{"id":39225,"date":"2023-04-17T10:58:01","date_gmt":"2023-04-17T13:58:01","guid":{"rendered":"http:\/\/www.almargenweb.com.ar\/web\/?p=39225"},"modified":"2023-04-17T10:58:02","modified_gmt":"2023-04-17T13:58:02","slug":"habilitan-la-venta-de-medicamentos-para-animales-en-farmacias","status":"publish","type":"post","link":"https:\/\/www.almargenweb.com.ar\/web\/habilitan-la-venta-de-medicamentos-para-animales-en-farmacias\/","title":{"rendered":"Habilitan la venta de medicamentos para animales en farmacias"},"content":{"rendered":"\n<p>El decreto presidencial faculta a los directores t\u00e9cnicos de las farmacias a \u201cadmitir y dispensar recetas extendidas por todo m\u00e9dico veterinario matriculado ante la autoridad jurisdiccional competente seg\u00fan lo establezca la normativa vigente\u201d.<\/p>\n\n\n\n<p>La medida tambi\u00e9n recibi\u00f3 el respaldo de las facultades de Ciencias Veterinarias nacionales, las sociedades de Medicina Veterinaria y Argentina de Oncolog\u00eda Veterinaria, y de la Academia Nacional de Agronom\u00eda y Veterinaria, entre otras instituciones.<\/p>\n\n\n\n<p>De esta forma, se faculta &#8220;a los directores t\u00e9cnicos y a las directoras t\u00e9cnicas de las farmacias a admitir y dispensar recetas extendidas por todo m\u00e9dico veterinario matriculado o toda m\u00e9dica veterinaria matriculada ante la autoridad jurisdiccional competente seg\u00fan lo establezca la normativa vigente&#8221;.<\/p>\n<!-- AddThis Advanced Settings generic via filter on the_content --><!-- AddThis Share Buttons generic via filter on the_content -->","protected":false},"excerpt":{"rendered":"<p>El decreto presidencial faculta a los directores t\u00e9cnicos de las farmacias a \u201cadmitir y dispensar recetas [&hellip;]<!-- AddThis Advanced Settings generic via filter on get_the_excerpt --><!-- AddThis Share Buttons generic via filter on get_the_excerpt --><\/p>\n","protected":false},"author":16,"featured_media":39228,"comment_status":"open","ping_status":"open","sticky":false,"template":"","format":"standard","meta":{"_seopress_robots_primary_cat":"none","_seopress_titles_title":"","_seopress_titles_desc":"","_seopress_robots_index":"","_themeisle_gutenberg_block_has_review":false,"footnotes":""},"categories":[2,140,9,15],"tags":[],"class_list":["post-39225","post","type-post","status-publish","format-standard","has-post-thumbnail","hentry","category-actualidad","category-nacionales","category-politica","category-salud"],"_links":{"self":[{"href":"https:\/\/www.almargenweb.com.ar\/web\/wp-json\/wp\/v2\/posts\/39225","targetHints":{"allow":["GET"]}}],"collection":[{"href":"https:\/\/www.almargenweb.com.ar\/web\/wp-json\/wp\/v2\/posts"}],"about":[{"href":"https:\/\/www.almargenweb.com.ar\/web\/wp-json\/wp\/v2\/types\/post"}],"author":[{"embeddable":true,"href":"https:\/\/www.almargenweb.com.ar\/web\/wp-json\/wp\/v2\/users\/16"}],"replies":[{"embeddable":true,"href":"https:\/\/www.almargenweb.com.ar\/web\/wp-json\/wp\/v2\/comments?post=39225"}],"version-history":[{"count":1,"href":"https:\/\/www.almargenweb.com.ar\/web\/wp-json\/wp\/v2\/posts\/39225\/revisions"}],"predecessor-version":[{"id":39229,"href":"https:\/\/www.almargenweb.com.ar\/web\/wp-json\/wp\/v2\/posts\/39225\/revisions\/39229"}],"wp:featuredmedia":[{"embeddable":true,"href":"https:\/\/www.almargenweb.com.ar\/web\/wp-json\/wp\/v2\/media\/39228"}],"wp:attachment":[{"href":"https:\/\/www.almargenweb.com.ar\/web\/wp-json\/wp\/v2\/media?parent=39225"}],"wp:term":[{"taxonomy":"category","embeddable":true,"href":"https:\/\/www.almargenweb.com.ar\/web\/wp-json\/wp\/v2\/categories?post=39225"},{"taxonomy":"post_tag","embeddable":true,"href":"https:\/\/www.almargenweb.com.ar\/web\/wp-json\/wp\/v2\/tags?post=39225"}],"curies":[{"name":"wp","href":"https:\/\/api.w.org\/{rel}","templated":true}]}}