{"id":39215,"date":"2023-04-14T10:28:29","date_gmt":"2023-04-14T13:28:29","guid":{"rendered":"http:\/\/www.almargenweb.com.ar\/web\/?p=39215"},"modified":"2023-04-14T10:28:31","modified_gmt":"2023-04-14T13:28:31","slug":"tomas-mondino-el-atleta-rafaelino-que-corta-el-pasto-para-poder-entrenar","status":"publish","type":"post","link":"https:\/\/www.almargenweb.com.ar\/web\/tomas-mondino-el-atleta-rafaelino-que-corta-el-pasto-para-poder-entrenar\/","title":{"rendered":"Tom\u00e1s Mondino, el atleta rafaelino que corta el pasto para poder entrenar"},"content":{"rendered":"\n<p>TyC Sports, a trav\u00e9s del programa de Gonzalo Bonadeo de los s\u00e1bados por la ma\u00f1ana, le realiz\u00f3 una entrevista en vivo, all\u00ed el destacado velocista juvenil volvi\u00f3 a pedir por la pista sint\u00e9tica para Rafaela.<\/p>\n\n\n\n<p> Con solo 17 a\u00f1os, Mondino es doble campe\u00f3n Sudamericano U18 en 100 y 200 metros llanos, particip\u00f3 en el Mundial U20 de 2022 y es muy probable que sea parte de la delegaci\u00f3n argentina en los Juegos Panamericanos en Santiago de Chile.<\/p>\n\n\n\n<p>Bonadeo asegur\u00f3 que el entrenamiento con un atleta de velocidad es muy fino y ejemplific\u00f3 que Tom\u00e1s se prepara con vallas que son de los Juegos Panamericanos de 1995. <\/p>\n\n\n\n<p>&#8220;Para que la gente tenga una idea. Si vos no corres en 10 segundos o menos, es muy dif\u00edcil clasificar a los Juegos Ol\u00edmpicos. Tom\u00e1s es una aparici\u00f3n muy fresca, pero necesita mucha consistencia&#8221;, agreg\u00f3.<\/p>\n\n\n\n<p><\/p>\n\n\n\n<p><\/p>\n<!-- AddThis Advanced Settings generic via filter on the_content --><!-- AddThis Share Buttons generic via filter on the_content -->","protected":false},"excerpt":{"rendered":"<p>TyC Sports, a trav\u00e9s del programa de Gonzalo Bonadeo de los s\u00e1bados por la ma\u00f1ana, le [&hellip;]<!-- AddThis Advanced Settings generic via filter on get_the_excerpt --><!-- AddThis Share Buttons generic via filter on get_the_excerpt --><\/p>\n","protected":false},"author":16,"featured_media":39218,"comment_status":"open","ping_status":"open","sticky":false,"template":"","format":"standard","meta":{"_seopress_robots_primary_cat":"none","_seopress_titles_title":"","_seopress_titles_desc":"","_seopress_robots_index":"","_themeisle_gutenberg_block_has_review":false,"footnotes":""},"categories":[2,164,230],"tags":[],"class_list":["post-39215","post","type-post","status-publish","format-standard","has-post-thumbnail","hentry","category-actualidad","category-ambiente","category-deportes"],"_links":{"self":[{"href":"https:\/\/www.almargenweb.com.ar\/web\/wp-json\/wp\/v2\/posts\/39215","targetHints":{"allow":["GET"]}}],"collection":[{"href":"https:\/\/www.almargenweb.com.ar\/web\/wp-json\/wp\/v2\/posts"}],"about":[{"href":"https:\/\/www.almargenweb.com.ar\/web\/wp-json\/wp\/v2\/types\/post"}],"author":[{"embeddable":true,"href":"https:\/\/www.almargenweb.com.ar\/web\/wp-json\/wp\/v2\/users\/16"}],"replies":[{"embeddable":true,"href":"https:\/\/www.almargenweb.com.ar\/web\/wp-json\/wp\/v2\/comments?post=39215"}],"version-history":[{"count":1,"href":"https:\/\/www.almargenweb.com.ar\/web\/wp-json\/wp\/v2\/posts\/39215\/revisions"}],"predecessor-version":[{"id":39219,"href":"https:\/\/www.almargenweb.com.ar\/web\/wp-json\/wp\/v2\/posts\/39215\/revisions\/39219"}],"wp:featuredmedia":[{"embeddable":true,"href":"https:\/\/www.almargenweb.com.ar\/web\/wp-json\/wp\/v2\/media\/39218"}],"wp:attachment":[{"href":"https:\/\/www.almargenweb.com.ar\/web\/wp-json\/wp\/v2\/media?parent=39215"}],"wp:term":[{"taxonomy":"category","embeddable":true,"href":"https:\/\/www.almargenweb.com.ar\/web\/wp-json\/wp\/v2\/categories?post=39215"},{"taxonomy":"post_tag","embeddable":true,"href":"https:\/\/www.almargenweb.com.ar\/web\/wp-json\/wp\/v2\/tags?post=39215"}],"curies":[{"name":"wp","href":"https:\/\/api.w.org\/{rel}","templated":true}]}}