{"id":39193,"date":"2023-03-31T12:43:30","date_gmt":"2023-03-31T15:43:30","guid":{"rendered":"http:\/\/www.almargenweb.com.ar\/web\/?p=39193"},"modified":"2023-03-31T12:43:31","modified_gmt":"2023-03-31T15:43:31","slug":"educacion-sexual-integral-especialistas-aseguran-que-previene-el-abuso-sexual-en-la-infancia","status":"publish","type":"post","link":"https:\/\/www.almargenweb.com.ar\/web\/educacion-sexual-integral-especialistas-aseguran-que-previene-el-abuso-sexual-en-la-infancia\/","title":{"rendered":"Educaci\u00f3n Sexual Integral: especialistas aseguran que previene el abuso sexual en la infancia."},"content":{"rendered":"\n<p>Brindar Educaci\u00f3n Sexual Integral es poder ense\u00f1ar, sobre todo a ni\u00f1os y ni\u00f1as de 4 y 5 a\u00f1os, el reconocimiento de propio cuerpo y el derecho de que no hagan sobre \u00e9l sobre lo que ellos no quieren. <\/p>\n\n\n\n<p>La ESI es una herramienta fundamental para prevenir el abuso sexual en la infancia y para que los ni\u00f1os puedan decir a los adultos que no pueden obligarlos a hacer cosas que no desean.<\/p>\n\n\n\n<p>La m\u00e9dica feminista Mabel Bianco \u2013militante de los derechos de las mujeres desde hace much\u00edsimos a\u00f1os\u2013 habl\u00f3 con AIRE sobre la necesidad urgente de que nuestra provincia pueda contar con una ley de Educaci\u00f3n Sexual Integral. <\/p>\n\n\n\n<p>\u201cSi bien existe una ley nacional, al ser Argentina un pa\u00eds federal, el \u00e1rea de educaci\u00f3n est\u00e1 delegada a cada distrito. Por eso una norma provincial le dar\u00eda m\u00e1s fuerza y podr\u00eda implementarse en todas las escuelas\u201d, indic\u00f3.<\/p>\n\n\n\n<p>Adem\u00e1s, la especialista insisti\u00f3 en que la ESI no es s\u00f3lo genitalidad. \u201cEs mucho m\u00e1s que eso. Es aprender a que todos tienen el mismo valor, y que si una mujer o un hombre dicen \u2018no\u2019, es no y hay que respetarlo\u201d. <\/p>\n\n\n\n<p>Y a\u00f1adi\u00f3: \u201cTambi\u00e9n podemos afirmar que donde hubo programas de educaci\u00f3n sexual integral la edad de iniciaci\u00f3n sexual se posterga. Por eso son temas que hay que hablarlos y tenemos que seguir luchando\u201d, afirm\u00f3.<\/p>\n\n\n\n<p>\u00bfQu\u00e9 es la Educaci\u00f3n Sexual Integral &#8211; ESI?<\/p>\n\n\n\n<p>La Educaci\u00f3n Sexual Integral es parte de una educaci\u00f3n completa e indispensable a la que todo ser humano tiene derecho, m\u00e1s all\u00e1 de adquirir conocimientos, ya que proporciona competencias y habilidades para la vida.<\/p>\n\n\n\n<p>Se debe entender que la sexualidad es parte de la vida de las personas en sus diferentes etapas o edades, y en toda su diversidad, y que contribuye al desarrollo de su identidad. Por lo tanto, a su desarrollo social.<\/p>\n<!-- AddThis Advanced Settings generic via filter on the_content --><!-- AddThis Share Buttons generic via filter on the_content -->","protected":false},"excerpt":{"rendered":"<p>Brindar Educaci\u00f3n Sexual Integral es poder ense\u00f1ar, sobre todo a ni\u00f1os y ni\u00f1as de 4 y [&hellip;]<!-- AddThis Advanced Settings generic via filter on get_the_excerpt --><!-- AddThis Share Buttons generic via filter on get_the_excerpt --><\/p>\n","protected":false},"author":16,"featured_media":39196,"comment_status":"open","ping_status":"open","sticky":false,"template":"","format":"standard","meta":{"_seopress_robots_primary_cat":"none","_seopress_titles_title":"","_seopress_titles_desc":"","_seopress_robots_index":"","_themeisle_gutenberg_block_has_review":false,"footnotes":""},"categories":[2,164,19,15],"tags":[],"class_list":["post-39193","post","type-post","status-publish","format-standard","has-post-thumbnail","hentry","category-actualidad","category-ambiente","category-educacion","category-salud"],"_links":{"self":[{"href":"https:\/\/www.almargenweb.com.ar\/web\/wp-json\/wp\/v2\/posts\/39193","targetHints":{"allow":["GET"]}}],"collection":[{"href":"https:\/\/www.almargenweb.com.ar\/web\/wp-json\/wp\/v2\/posts"}],"about":[{"href":"https:\/\/www.almargenweb.com.ar\/web\/wp-json\/wp\/v2\/types\/post"}],"author":[{"embeddable":true,"href":"https:\/\/www.almargenweb.com.ar\/web\/wp-json\/wp\/v2\/users\/16"}],"replies":[{"embeddable":true,"href":"https:\/\/www.almargenweb.com.ar\/web\/wp-json\/wp\/v2\/comments?post=39193"}],"version-history":[{"count":1,"href":"https:\/\/www.almargenweb.com.ar\/web\/wp-json\/wp\/v2\/posts\/39193\/revisions"}],"predecessor-version":[{"id":39197,"href":"https:\/\/www.almargenweb.com.ar\/web\/wp-json\/wp\/v2\/posts\/39193\/revisions\/39197"}],"wp:featuredmedia":[{"embeddable":true,"href":"https:\/\/www.almargenweb.com.ar\/web\/wp-json\/wp\/v2\/media\/39196"}],"wp:attachment":[{"href":"https:\/\/www.almargenweb.com.ar\/web\/wp-json\/wp\/v2\/media?parent=39193"}],"wp:term":[{"taxonomy":"category","embeddable":true,"href":"https:\/\/www.almargenweb.com.ar\/web\/wp-json\/wp\/v2\/categories?post=39193"},{"taxonomy":"post_tag","embeddable":true,"href":"https:\/\/www.almargenweb.com.ar\/web\/wp-json\/wp\/v2\/tags?post=39193"}],"curies":[{"name":"wp","href":"https:\/\/api.w.org\/{rel}","templated":true}]}}