{"id":39185,"date":"2023-03-31T11:23:38","date_gmt":"2023-03-31T14:23:38","guid":{"rendered":"http:\/\/www.almargenweb.com.ar\/web\/?p=39185"},"modified":"2023-03-31T11:23:39","modified_gmt":"2023-03-31T14:23:39","slug":"inflacion-record-y-aumento-de-la-pobreza-afecta-a-mas-de-18-millones-de-personas","status":"publish","type":"post","link":"https:\/\/www.almargenweb.com.ar\/web\/inflacion-record-y-aumento-de-la-pobreza-afecta-a-mas-de-18-millones-de-personas\/","title":{"rendered":"Inflaci\u00f3n r\u00e9cord y aumento de la pobreza: afecta a m\u00e1s de 18 millones de personas"},"content":{"rendered":"\n<p>El informe dado a conocer por el Indec el jueves a la tarde, sobre la pobreza e indigencia en 31 aglomerados urbanos, indica que la pobreza afecta al 39,2% de la poblaci\u00f3n aumentando 2,7 puntos porcentuales respecto del primer semestre de 2022. <\/p>\n\n\n\n<p>Adem\u00e1s, mostr\u00f3 que el 54,2% de los ni\u00f1os menores de 15 a\u00f1os son pobres en la Argentina, aproximadamente unos 6 millones de ni\u00f1os y ni\u00f1as.<\/p>\n\n\n\n<p>Otros de los datos que dej\u00f3 el informe es que el 50,1% del total de personas en aglomerados urbanos bajo la l\u00ednea de la pobreza a nivel nacional se encontraban en el conurbano bonaerense. <\/p>\n\n\n\n<p>En t\u00e9rminos de indigencia la concentraci\u00f3n es a\u00fan mayor. El conurbano bonaerense agrupa a 53,1% de los indigentes a nivel nacional (1,38 del total de 2,36 millones de personas).<\/p>\n\n\n\n<p>\u201cEn Argentina estamos viendo un fen\u00f3meno que hace unas d\u00e9cadas era impensado para nuestro pa\u00eds: el del trabajador pobre. Trabajar ya no asegura estar por encima de la l\u00ednea de pobreza. A los que m\u00e1s perjudic\u00f3 apostar por una econom\u00eda cerrada, regulada y con impuestos altos es a los trabajadores&#8221;. reflexion\u00f3 Eugenio Mar\u00ed, Economista Jefe de la Fundaci\u00f3n Libertad y Progreso.<\/p>\n\n\n\n<p>Desde agosto de 2017 hasta diciembre de 2022 el salario real cay\u00f3 23%; y la ca\u00edda es de 41% si se toman los salarios privados no registrados.<\/p>\n<!-- AddThis Advanced Settings generic via filter on the_content --><!-- AddThis Share Buttons generic via filter on the_content -->","protected":false},"excerpt":{"rendered":"<p>El informe dado a conocer por el Indec el jueves a la tarde, sobre la pobreza [&hellip;]<!-- AddThis Advanced Settings generic via filter on get_the_excerpt --><!-- AddThis Share Buttons generic via filter on get_the_excerpt --><\/p>\n","protected":false},"author":16,"featured_media":39188,"comment_status":"open","ping_status":"open","sticky":false,"template":"","format":"standard","meta":{"_seopress_robots_primary_cat":"none","_seopress_titles_title":"","_seopress_titles_desc":"","_seopress_robots_index":"","_themeisle_gutenberg_block_has_review":false,"footnotes":""},"categories":[2,164,5],"tags":[],"class_list":["post-39185","post","type-post","status-publish","format-standard","has-post-thumbnail","hentry","category-actualidad","category-ambiente","category-economia"],"_links":{"self":[{"href":"https:\/\/www.almargenweb.com.ar\/web\/wp-json\/wp\/v2\/posts\/39185","targetHints":{"allow":["GET"]}}],"collection":[{"href":"https:\/\/www.almargenweb.com.ar\/web\/wp-json\/wp\/v2\/posts"}],"about":[{"href":"https:\/\/www.almargenweb.com.ar\/web\/wp-json\/wp\/v2\/types\/post"}],"author":[{"embeddable":true,"href":"https:\/\/www.almargenweb.com.ar\/web\/wp-json\/wp\/v2\/users\/16"}],"replies":[{"embeddable":true,"href":"https:\/\/www.almargenweb.com.ar\/web\/wp-json\/wp\/v2\/comments?post=39185"}],"version-history":[{"count":1,"href":"https:\/\/www.almargenweb.com.ar\/web\/wp-json\/wp\/v2\/posts\/39185\/revisions"}],"predecessor-version":[{"id":39189,"href":"https:\/\/www.almargenweb.com.ar\/web\/wp-json\/wp\/v2\/posts\/39185\/revisions\/39189"}],"wp:featuredmedia":[{"embeddable":true,"href":"https:\/\/www.almargenweb.com.ar\/web\/wp-json\/wp\/v2\/media\/39188"}],"wp:attachment":[{"href":"https:\/\/www.almargenweb.com.ar\/web\/wp-json\/wp\/v2\/media?parent=39185"}],"wp:term":[{"taxonomy":"category","embeddable":true,"href":"https:\/\/www.almargenweb.com.ar\/web\/wp-json\/wp\/v2\/categories?post=39185"},{"taxonomy":"post_tag","embeddable":true,"href":"https:\/\/www.almargenweb.com.ar\/web\/wp-json\/wp\/v2\/tags?post=39185"}],"curies":[{"name":"wp","href":"https:\/\/api.w.org\/{rel}","templated":true}]}}