{"id":39180,"date":"2023-03-30T16:09:43","date_gmt":"2023-03-30T19:09:43","guid":{"rendered":"http:\/\/www.almargenweb.com.ar\/web\/?p=39180"},"modified":"2023-03-30T16:09:43","modified_gmt":"2023-03-30T19:09:43","slug":"la-argentina-ex-gimnasta-artistica-tatiana-ullua-se-consagro-campeona-panamericana-en-levantamiento-de-pesas","status":"publish","type":"post","link":"https:\/\/www.almargenweb.com.ar\/web\/la-argentina-ex-gimnasta-artistica-tatiana-ullua-se-consagro-campeona-panamericana-en-levantamiento-de-pesas\/","title":{"rendered":"La argentina ex gimnasta art\u00edstica Tatiana Ullua se consagr\u00f3 campeona panamericana en levantamiento de pesas"},"content":{"rendered":"\n<p>La pesista y ex gimnasta art\u00edsticaTatiana Ullua logr\u00f3 la medalla dorada en el Campeonato Panamericano de Levantamiento de Pesas, edici\u00f3n 2023, que se celebra en Bariloche.<\/p>\n\n\n\n<p>La bonaerense consigui\u00f3 el mayor logro de en la categor\u00eda -64 kg con un total de 203 kg. (111 kg en envi\u00f3n + 92 kg en arranque).<\/p>\n\n\n\n<p>Tatiana Ullua se dedic\u00f3 al levantamiento reci\u00e9n a partir de los 22 a\u00f1os y hace s\u00f3lo tres se convenci\u00f3 de que pod\u00eda competir en serio. Como gran parte de los atletas argentinos, equilibra su vida entre el trabajo y el deporte de alto rendimiento.<\/p>\n\n\n\n<p>En tanto, el barilochense Dante Pizzuti, consigui\u00f3 tres medallas de plata en las modalidades Arranque, Envi\u00f3n y Total Ol\u00edmpico levantando 317 kilos en total. <\/p>\n\n\n\n<p>De esta manera, el joven de 19 a\u00f1os alcanz\u00f3 el segundo lugar en el torneo clasificatorio para Par\u00eds 2024.<\/p>\n\n\n\n<p>El torneo comenz\u00f3 el martes 28 de marzo y se realizar\u00e1 hasta el 2 de abril, en el gimnasio &#8220;Pedro Estremador&#8221;, y cuenta con la participaci\u00f3n de m\u00e1s de 180 pesistas.<\/p>\n\n\n\n<p>En la competencia hay representantes de pa\u00edses de toda Am\u00e9rica entre ellos, Estados Unidos, Canad\u00e1, Venezuela, Ecuador y El Salvador.<\/p>\n<!-- AddThis Advanced Settings generic via filter on the_content --><!-- AddThis Share Buttons generic via filter on the_content -->","protected":false},"excerpt":{"rendered":"<p>La pesista y ex gimnasta art\u00edsticaTatiana Ullua logr\u00f3 la medalla dorada en el Campeonato Panamericano de [&hellip;]<!-- AddThis Advanced Settings generic via filter on get_the_excerpt --><!-- AddThis Share Buttons generic via filter on get_the_excerpt --><\/p>\n","protected":false},"author":16,"featured_media":39183,"comment_status":"open","ping_status":"open","sticky":false,"template":"","format":"standard","meta":{"_seopress_robots_primary_cat":"none","_seopress_titles_title":"","_seopress_titles_desc":"","_seopress_robots_index":"","_themeisle_gutenberg_block_has_review":false,"footnotes":""},"categories":[2,164,230],"tags":[],"class_list":["post-39180","post","type-post","status-publish","format-standard","has-post-thumbnail","hentry","category-actualidad","category-ambiente","category-deportes"],"_links":{"self":[{"href":"https:\/\/www.almargenweb.com.ar\/web\/wp-json\/wp\/v2\/posts\/39180","targetHints":{"allow":["GET"]}}],"collection":[{"href":"https:\/\/www.almargenweb.com.ar\/web\/wp-json\/wp\/v2\/posts"}],"about":[{"href":"https:\/\/www.almargenweb.com.ar\/web\/wp-json\/wp\/v2\/types\/post"}],"author":[{"embeddable":true,"href":"https:\/\/www.almargenweb.com.ar\/web\/wp-json\/wp\/v2\/users\/16"}],"replies":[{"embeddable":true,"href":"https:\/\/www.almargenweb.com.ar\/web\/wp-json\/wp\/v2\/comments?post=39180"}],"version-history":[{"count":1,"href":"https:\/\/www.almargenweb.com.ar\/web\/wp-json\/wp\/v2\/posts\/39180\/revisions"}],"predecessor-version":[{"id":39184,"href":"https:\/\/www.almargenweb.com.ar\/web\/wp-json\/wp\/v2\/posts\/39180\/revisions\/39184"}],"wp:featuredmedia":[{"embeddable":true,"href":"https:\/\/www.almargenweb.com.ar\/web\/wp-json\/wp\/v2\/media\/39183"}],"wp:attachment":[{"href":"https:\/\/www.almargenweb.com.ar\/web\/wp-json\/wp\/v2\/media?parent=39180"}],"wp:term":[{"taxonomy":"category","embeddable":true,"href":"https:\/\/www.almargenweb.com.ar\/web\/wp-json\/wp\/v2\/categories?post=39180"},{"taxonomy":"post_tag","embeddable":true,"href":"https:\/\/www.almargenweb.com.ar\/web\/wp-json\/wp\/v2\/tags?post=39180"}],"curies":[{"name":"wp","href":"https:\/\/api.w.org\/{rel}","templated":true}]}}