{"id":39165,"date":"2023-03-28T09:52:06","date_gmt":"2023-03-28T12:52:06","guid":{"rendered":"http:\/\/www.almargenweb.com.ar\/web\/?p=39165"},"modified":"2023-03-28T09:52:07","modified_gmt":"2023-03-28T12:52:07","slug":"muller-el-kirchnerismo-tiene-una-gran-responsabilidad-por-la-falta-de-atencion-al-narcomenudeo-en-esperanza","status":"publish","type":"post","link":"https:\/\/www.almargenweb.com.ar\/web\/muller-el-kirchnerismo-tiene-una-gran-responsabilidad-por-la-falta-de-atencion-al-narcomenudeo-en-esperanza\/","title":{"rendered":"M\u00fcller: \u201cEl Kirchnerismo tiene una gran responsabilidad por la falta de atenci\u00f3n al narcomenudeo en Esperanza\u201d"},"content":{"rendered":"\n<p>El concejal radical y precandidato a intendente, Rodrigo M\u00fcller, se refiri\u00f3 al avance del narcomenudeo en la ciudad y a los derivados de la misma que dificultan el d\u00eda a d\u00eda de todos los ciudadanos.<\/p>\n\n\n\n<p> \u201cDebemos cortar de ra\u00edz con este tema o dentro de poco tendremos otro tipo de violencia m\u00e1s organizada\u201d, mencion\u00f3 M\u00fcller.<\/p>\n\n\n\n<p>El referente radical explic\u00f3 que \u201cdebemos lograr que se incluya nuestro reclamo como ciudad en el marco del debate por el fortalecimiento de la Justicia Federal en Santa Fe que se est\u00e1 llevando a cabo en la Legislatura Nacional. <\/p>\n\n\n\n<p>Ah\u00ed es donde el kirchnerismo tiene mucho peso y, por ende, es en gran parte su responsabilidad que la Justicia Federal no preste atenci\u00f3n al narcomenudeo en Esperanza\u201d, agreg\u00f3 el edil.<\/p>\n\n\n\n<p>Luego, M\u00fcller dijo que \u201cel proyecto de fortalecimiento de la Justicia Federal en Santa Fe deber\u00eda contemplar a las localidades del interior y no solo a Santa Fe, Rosario o Rafaela. Actualmente Esperanza no cuenta con las herramientas adecuadas para enfrentar este problem\u00e1tica porque, por ejemplo, un allanamiento puede demorar hasta seis meses en realizarse. <\/p>\n\n\n\n<p>Entonces, lo que necesitamos es que se creen los organismos que corresponden para terminar con la problem\u00e1tica de ra\u00edz y que no siga creciendo\u201d, remarc\u00f3.<\/p>\n\n\n\n<p>Por \u00faltimo, Rodrigo M\u00fcller volvi\u00f3 a enfatizar sobre la responsabilidad del Kirchnerismo en la falta de atenci\u00f3n a la problem\u00e1tica en la ciudad y record\u00f3 que \u201ccuando le dirig\u00ed una nota a todos los diputados y senadores nacionales por Santa Fe, solicitando que se constituya una Secretaria Federal que atienda al interior, una diputada Kirchnerista en vez de atender el pedido, me pidi\u00f3 que apoye la reforma que solicitaba la vicepresidenta, Cristina Fern\u00e1ndez. Eso habla de las prioridades del espacio pol\u00edtico\u201d, concluy\u00f3 M\u00fcller.<\/p>\n<!-- AddThis Advanced Settings generic via filter on the_content --><!-- AddThis Share Buttons generic via filter on the_content -->","protected":false},"excerpt":{"rendered":"<p>El concejal radical y precandidato a intendente, Rodrigo M\u00fcller, se refiri\u00f3 al avance del narcomenudeo en [&hellip;]<!-- AddThis Advanced Settings generic via filter on get_the_excerpt --><!-- AddThis Share Buttons generic via filter on get_the_excerpt --><\/p>\n","protected":false},"author":16,"featured_media":39168,"comment_status":"open","ping_status":"open","sticky":false,"template":"","format":"standard","meta":{"_seopress_robots_primary_cat":"none","_seopress_titles_title":"","_seopress_titles_desc":"","_seopress_robots_index":"","_themeisle_gutenberg_block_has_review":false,"footnotes":""},"categories":[2,21,140,9],"tags":[],"class_list":["post-39165","post","type-post","status-publish","format-standard","has-post-thumbnail","hentry","category-actualidad","category-las-colonias","category-nacionales","category-politica"],"_links":{"self":[{"href":"https:\/\/www.almargenweb.com.ar\/web\/wp-json\/wp\/v2\/posts\/39165","targetHints":{"allow":["GET"]}}],"collection":[{"href":"https:\/\/www.almargenweb.com.ar\/web\/wp-json\/wp\/v2\/posts"}],"about":[{"href":"https:\/\/www.almargenweb.com.ar\/web\/wp-json\/wp\/v2\/types\/post"}],"author":[{"embeddable":true,"href":"https:\/\/www.almargenweb.com.ar\/web\/wp-json\/wp\/v2\/users\/16"}],"replies":[{"embeddable":true,"href":"https:\/\/www.almargenweb.com.ar\/web\/wp-json\/wp\/v2\/comments?post=39165"}],"version-history":[{"count":1,"href":"https:\/\/www.almargenweb.com.ar\/web\/wp-json\/wp\/v2\/posts\/39165\/revisions"}],"predecessor-version":[{"id":39169,"href":"https:\/\/www.almargenweb.com.ar\/web\/wp-json\/wp\/v2\/posts\/39165\/revisions\/39169"}],"wp:featuredmedia":[{"embeddable":true,"href":"https:\/\/www.almargenweb.com.ar\/web\/wp-json\/wp\/v2\/media\/39168"}],"wp:attachment":[{"href":"https:\/\/www.almargenweb.com.ar\/web\/wp-json\/wp\/v2\/media?parent=39165"}],"wp:term":[{"taxonomy":"category","embeddable":true,"href":"https:\/\/www.almargenweb.com.ar\/web\/wp-json\/wp\/v2\/categories?post=39165"},{"taxonomy":"post_tag","embeddable":true,"href":"https:\/\/www.almargenweb.com.ar\/web\/wp-json\/wp\/v2\/tags?post=39165"}],"curies":[{"name":"wp","href":"https:\/\/api.w.org\/{rel}","templated":true}]}}