{"id":39154,"date":"2023-03-27T09:49:04","date_gmt":"2023-03-27T12:49:04","guid":{"rendered":"http:\/\/www.almargenweb.com.ar\/web\/?p=39154"},"modified":"2023-03-27T09:49:05","modified_gmt":"2023-03-27T12:49:05","slug":"los-docentes-universitarios-de-adul-paran-durante-toda-la-semana","status":"publish","type":"post","link":"https:\/\/www.almargenweb.com.ar\/web\/los-docentes-universitarios-de-adul-paran-durante-toda-la-semana\/","title":{"rendered":"Los docentes universitarios de ADUL paran durante toda la semana"},"content":{"rendered":"\n<p>Los docentes universitarios paralizan sus actividades durante toda la semana, con una serie de reclamos.<\/p>\n\n\n\n<p>A partir de este lunes los docentes universitarios nucleados en ADUL no dictar\u00e1n clases en todas las unidades acad\u00e9micas en reclamo de mejoras salariales. <\/p>\n\n\n\n<p>La medida se extender\u00e1 hasta el pr\u00f3ximo s\u00e1bado en la provincia de Santa Fe.<\/p>\n<!-- AddThis Advanced Settings generic via filter on the_content --><!-- AddThis Share Buttons generic via filter on the_content -->","protected":false},"excerpt":{"rendered":"<p>Los docentes universitarios paralizan sus actividades durante toda la semana, con una serie de reclamos. A [&hellip;]<!-- AddThis Advanced Settings generic via filter on get_the_excerpt --><!-- AddThis Share Buttons generic via filter on get_the_excerpt --><\/p>\n","protected":false},"author":16,"featured_media":39157,"comment_status":"open","ping_status":"open","sticky":false,"template":"","format":"standard","meta":{"_seopress_robots_primary_cat":"none","_seopress_titles_title":"","_seopress_titles_desc":"","_seopress_robots_index":"","_themeisle_gutenberg_block_has_review":false,"footnotes":""},"categories":[2,164,19],"tags":[],"class_list":["post-39154","post","type-post","status-publish","format-standard","has-post-thumbnail","hentry","category-actualidad","category-ambiente","category-educacion"],"_links":{"self":[{"href":"https:\/\/www.almargenweb.com.ar\/web\/wp-json\/wp\/v2\/posts\/39154","targetHints":{"allow":["GET"]}}],"collection":[{"href":"https:\/\/www.almargenweb.com.ar\/web\/wp-json\/wp\/v2\/posts"}],"about":[{"href":"https:\/\/www.almargenweb.com.ar\/web\/wp-json\/wp\/v2\/types\/post"}],"author":[{"embeddable":true,"href":"https:\/\/www.almargenweb.com.ar\/web\/wp-json\/wp\/v2\/users\/16"}],"replies":[{"embeddable":true,"href":"https:\/\/www.almargenweb.com.ar\/web\/wp-json\/wp\/v2\/comments?post=39154"}],"version-history":[{"count":1,"href":"https:\/\/www.almargenweb.com.ar\/web\/wp-json\/wp\/v2\/posts\/39154\/revisions"}],"predecessor-version":[{"id":39158,"href":"https:\/\/www.almargenweb.com.ar\/web\/wp-json\/wp\/v2\/posts\/39154\/revisions\/39158"}],"wp:featuredmedia":[{"embeddable":true,"href":"https:\/\/www.almargenweb.com.ar\/web\/wp-json\/wp\/v2\/media\/39157"}],"wp:attachment":[{"href":"https:\/\/www.almargenweb.com.ar\/web\/wp-json\/wp\/v2\/media?parent=39154"}],"wp:term":[{"taxonomy":"category","embeddable":true,"href":"https:\/\/www.almargenweb.com.ar\/web\/wp-json\/wp\/v2\/categories?post=39154"},{"taxonomy":"post_tag","embeddable":true,"href":"https:\/\/www.almargenweb.com.ar\/web\/wp-json\/wp\/v2\/tags?post=39154"}],"curies":[{"name":"wp","href":"https:\/\/api.w.org\/{rel}","templated":true}]}}