{"id":39113,"date":"2023-03-23T12:57:44","date_gmt":"2023-03-23T15:57:44","guid":{"rendered":"http:\/\/www.almargenweb.com.ar\/web\/?p=39113"},"modified":"2023-03-23T12:57:45","modified_gmt":"2023-03-23T15:57:45","slug":"franck-suman-nuevos-tramos-de-ciclovias-dentro-del-programa-senderos-seguros","status":"publish","type":"post","link":"https:\/\/www.almargenweb.com.ar\/web\/franck-suman-nuevos-tramos-de-ciclovias-dentro-del-programa-senderos-seguros\/","title":{"rendered":"Franck: suman nuevos tramos de ciclovias dentro del programa &#8220;Senderos seguros&#8221;"},"content":{"rendered":"\n<p>Desde hace varios a\u00f1os la comuna de Franck en conjunto con la UNL, avanzan en la ampliaci\u00f3n y construcci\u00f3n de nuevos kil\u00f3metros de bicisendas; con el objetivo de ordenar el tr\u00e1nsito en las arterias principales de la localidad y sumarse a la movilidad sustentable.<\/p>\n\n\n\n<p>\u201cEstamos ampliando la red de bicisendas sobre distintas arterias de la localidad para que transitemos m\u00e1s seguros por las calles de nuestro pueblo\u201d, manifestaron autoridades comunales.<\/p>\n\n\n\n<p>Ese trabajo de nuevas ciclov\u00edas se llev\u00f3 a cabo con la UNL en el marco del proyecto \u201cCaminos Escolares Seguros\u201d, en el cual comenz\u00f3 entre el a\u00f1o 2015 y 2016 donde desde el Ejecutivo local se avanz\u00f3 en la diagramaci\u00f3n y trazado de los m\u00e1s de 10 kil\u00f3metros de bicisenda que actualmente tiene la localidad.<\/p>\n\n\n\n<p><\/p>\n\n\n\n<p><\/p>\n<!-- AddThis Advanced Settings generic via filter on the_content --><!-- AddThis Share Buttons generic via filter on the_content -->","protected":false},"excerpt":{"rendered":"<p>Desde hace varios a\u00f1os la comuna de Franck en conjunto con la UNL, avanzan en la [&hellip;]<!-- AddThis Advanced Settings generic via filter on get_the_excerpt --><!-- AddThis Share Buttons generic via filter on get_the_excerpt --><\/p>\n","protected":false},"author":16,"featured_media":39116,"comment_status":"open","ping_status":"open","sticky":false,"template":"","format":"standard","meta":{"_seopress_robots_primary_cat":"none","_seopress_titles_title":"","_seopress_titles_desc":"","_seopress_robots_index":"","_themeisle_gutenberg_block_has_review":false,"footnotes":""},"categories":[2,164,24,29],"tags":[],"class_list":["post-39113","post","type-post","status-publish","format-standard","has-post-thumbnail","hentry","category-actualidad","category-ambiente","category-obras-publicas","category-regionales"],"_links":{"self":[{"href":"https:\/\/www.almargenweb.com.ar\/web\/wp-json\/wp\/v2\/posts\/39113","targetHints":{"allow":["GET"]}}],"collection":[{"href":"https:\/\/www.almargenweb.com.ar\/web\/wp-json\/wp\/v2\/posts"}],"about":[{"href":"https:\/\/www.almargenweb.com.ar\/web\/wp-json\/wp\/v2\/types\/post"}],"author":[{"embeddable":true,"href":"https:\/\/www.almargenweb.com.ar\/web\/wp-json\/wp\/v2\/users\/16"}],"replies":[{"embeddable":true,"href":"https:\/\/www.almargenweb.com.ar\/web\/wp-json\/wp\/v2\/comments?post=39113"}],"version-history":[{"count":1,"href":"https:\/\/www.almargenweb.com.ar\/web\/wp-json\/wp\/v2\/posts\/39113\/revisions"}],"predecessor-version":[{"id":39117,"href":"https:\/\/www.almargenweb.com.ar\/web\/wp-json\/wp\/v2\/posts\/39113\/revisions\/39117"}],"wp:featuredmedia":[{"embeddable":true,"href":"https:\/\/www.almargenweb.com.ar\/web\/wp-json\/wp\/v2\/media\/39116"}],"wp:attachment":[{"href":"https:\/\/www.almargenweb.com.ar\/web\/wp-json\/wp\/v2\/media?parent=39113"}],"wp:term":[{"taxonomy":"category","embeddable":true,"href":"https:\/\/www.almargenweb.com.ar\/web\/wp-json\/wp\/v2\/categories?post=39113"},{"taxonomy":"post_tag","embeddable":true,"href":"https:\/\/www.almargenweb.com.ar\/web\/wp-json\/wp\/v2\/tags?post=39113"}],"curies":[{"name":"wp","href":"https:\/\/api.w.org\/{rel}","templated":true}]}}