{"id":39108,"date":"2023-03-23T12:06:29","date_gmt":"2023-03-23T15:06:29","guid":{"rendered":"http:\/\/www.almargenweb.com.ar\/web\/?p=39108"},"modified":"2023-03-23T12:06:30","modified_gmt":"2023-03-23T15:06:30","slug":"dengue-en-santa-fe-la-zona-mas-afectada-es-el-nordeste-de-la-provincia","status":"publish","type":"post","link":"https:\/\/www.almargenweb.com.ar\/web\/dengue-en-santa-fe-la-zona-mas-afectada-es-el-nordeste-de-la-provincia\/","title":{"rendered":"Dengue en Santa Fe: la zona m\u00e1s afectada es el nordeste de la provincia"},"content":{"rendered":"\n<p>Confirmaron 3606 casos de dengue en la provincia de Santa Fe, lo que representa un aumento del 56% de casos en siete d\u00edas cuando la cifra alcanz\u00f3 los 2.12 contagios. <\/p>\n\n\n\n<p>Desde el inicio del brote de dengue la zona del nordeste es la m\u00e1s afectada, mientras que en el departamento La Capital se contabilizaron 55 infectados y 195 en Rosario.<\/p>\n\n\n\n<p>Al d\u00eda de la fecha no hay pacientes internados por dengue, en tanto, la cartera analiza los motivos de la muerte de un hombre de 77 a\u00f1os con comorbilidades.<\/p>\n\n\n\n<p>En las \u00faltimas tres semanas se observa un marcado aumento de casos sospechosos respecto a los dos a\u00f1os anteriores. <\/p>\n\n\n\n<p>En comparaci\u00f3n con el mismo per\u00edodo del a\u00f1o pasado, los casos aumentaron 683% respecto del promedio registrado y 159% comparado con el 2021.<\/p>\n\n\n\n<p><\/p>\n<!-- AddThis Advanced Settings generic via filter on the_content --><!-- AddThis Share Buttons generic via filter on the_content -->","protected":false},"excerpt":{"rendered":"<p>Confirmaron 3606 casos de dengue en la provincia de Santa Fe, lo que representa un aumento [&hellip;]<!-- AddThis Advanced Settings generic via filter on get_the_excerpt --><!-- AddThis Share Buttons generic via filter on get_the_excerpt --><\/p>\n","protected":false},"author":16,"featured_media":39111,"comment_status":"open","ping_status":"open","sticky":false,"template":"","format":"standard","meta":{"_seopress_robots_primary_cat":"none","_seopress_titles_title":"","_seopress_titles_desc":"","_seopress_robots_index":"","_themeisle_gutenberg_block_has_review":false,"footnotes":""},"categories":[2,164,47,15],"tags":[],"class_list":["post-39108","post","type-post","status-publish","format-standard","has-post-thumbnail","hentry","category-actualidad","category-ambiente","category-locales","category-salud"],"_links":{"self":[{"href":"https:\/\/www.almargenweb.com.ar\/web\/wp-json\/wp\/v2\/posts\/39108","targetHints":{"allow":["GET"]}}],"collection":[{"href":"https:\/\/www.almargenweb.com.ar\/web\/wp-json\/wp\/v2\/posts"}],"about":[{"href":"https:\/\/www.almargenweb.com.ar\/web\/wp-json\/wp\/v2\/types\/post"}],"author":[{"embeddable":true,"href":"https:\/\/www.almargenweb.com.ar\/web\/wp-json\/wp\/v2\/users\/16"}],"replies":[{"embeddable":true,"href":"https:\/\/www.almargenweb.com.ar\/web\/wp-json\/wp\/v2\/comments?post=39108"}],"version-history":[{"count":1,"href":"https:\/\/www.almargenweb.com.ar\/web\/wp-json\/wp\/v2\/posts\/39108\/revisions"}],"predecessor-version":[{"id":39112,"href":"https:\/\/www.almargenweb.com.ar\/web\/wp-json\/wp\/v2\/posts\/39108\/revisions\/39112"}],"wp:featuredmedia":[{"embeddable":true,"href":"https:\/\/www.almargenweb.com.ar\/web\/wp-json\/wp\/v2\/media\/39111"}],"wp:attachment":[{"href":"https:\/\/www.almargenweb.com.ar\/web\/wp-json\/wp\/v2\/media?parent=39108"}],"wp:term":[{"taxonomy":"category","embeddable":true,"href":"https:\/\/www.almargenweb.com.ar\/web\/wp-json\/wp\/v2\/categories?post=39108"},{"taxonomy":"post_tag","embeddable":true,"href":"https:\/\/www.almargenweb.com.ar\/web\/wp-json\/wp\/v2\/tags?post=39108"}],"curies":[{"name":"wp","href":"https:\/\/api.w.org\/{rel}","templated":true}]}}