{"id":39102,"date":"2023-03-20T13:47:17","date_gmt":"2023-03-20T16:47:17","guid":{"rendered":"http:\/\/www.almargenweb.com.ar\/web\/?p=39102"},"modified":"2023-03-20T13:47:17","modified_gmt":"2023-03-20T16:47:17","slug":"el-enress-incorpora-3-propuestas-planteadas-por-rodrigo-muller-en-la-audiencia-publica","status":"publish","type":"post","link":"https:\/\/www.almargenweb.com.ar\/web\/el-enress-incorpora-3-propuestas-planteadas-por-rodrigo-muller-en-la-audiencia-publica\/","title":{"rendered":"El ENRESS incorpora 3 propuestas planteadas por Rodrigo M\u00fcller en la audiencia p\u00fablica."},"content":{"rendered":"\n<p>Son el pedido por la Planta de Tratamientos de L\u00edquidos Cloacales para Esperanza, el Plan de incremento de micromedidores y que los gastos de la Empresa sean considerados por localidad.<\/p>\n\n\n\n<p>M\u00fcller fue el primer concejal de la ciudad que decidi\u00f3 participar de una audiencia del ENRESS hace 2 a\u00f1os y esta resoluci\u00f3n la considero en s\u00ed misma, un gran logro, aunque la audiencia no sea vinculante. \u201cFuimos a defender los intereses de nuestra ciudad y el ente sanitario recepto nuestro planteo\u201d.<\/p>\n\n\n\n<p>Ahora s\u00ed, me siento conforme al menos. A diferencia de la anterior audiencia, ahora la defensa de los intereses y reclamos que realice de Esperanza constan por escrito.<\/p>\n\n\n\n<p>Los planteos est\u00e1n contemplados en la presetnaci\u00f3n por escrito que realizo Rodrigo M\u00fcller y fueron receptados en el dictamen que el ente elevo al Ministerio de Infraestructura, quien tomara finalmente la decisi\u00f3n de incrementar la tarifa y bajo que condiciones. (Tiempo, requisitos y fraccionamiento del incremento).<\/p>\n\n\n\n<p>La resoluci\u00f3n del ENRESS lleva el n\u00famero 0087 del 14 de marzo de 2023 e incorpora 3 planteos de Rodrigo M\u00fcller. Al igual como lo menciona el ente; lamento que no sean vinculantes las audiencias p\u00fablicas que llevan a cabo.<\/p>\n\n\n\n<p>En primer lugar, se reconoci\u00f3 la necesidad de avanzar en el plan de micromedici\u00f3n. El ente solicita que se intensifiquen las acciones tendientes a ampliar el servicio medido por parte de ASSA, y requiere que es necesario que el pago del servicio sea por lo efectivamente consumido. E intima a Aguas Santafesinas S.A. la elaboraci\u00f3n de un nuevo Plan de Micromedici\u00f3n, por el periodo 2024-2027.<\/p>\n\n\n\n<figure class=\"wp-block-image size-large\"><img loading=\"lazy\" decoding=\"async\" width=\"1024\" height=\"457\" src=\"https:\/\/www.almargenweb.com.ar\/web\/wp-content\/uploads\/2023\/03\/Rodrigo-Audiencia-4-1024x457.jpg\" alt=\"\" class=\"wp-image-39105\" srcset=\"https:\/\/www.almargenweb.com.ar\/web\/wp-content\/uploads\/2023\/03\/Rodrigo-Audiencia-4-1024x457.jpg 1024w, https:\/\/www.almargenweb.com.ar\/web\/wp-content\/uploads\/2023\/03\/Rodrigo-Audiencia-4-300x134.jpg 300w, https:\/\/www.almargenweb.com.ar\/web\/wp-content\/uploads\/2023\/03\/Rodrigo-Audiencia-4-768x343.jpg 768w, https:\/\/www.almargenweb.com.ar\/web\/wp-content\/uploads\/2023\/03\/Rodrigo-Audiencia-4.jpg 1200w\" sizes=\"auto, (max-width: 1024px) 100vw, 1024px\" \/><figcaption class=\"wp-element-caption\">\u201cEs un paso m\u00e1s para lograr extender el servicio cloacal en Esperanza\u201d, manifest\u00f3 el concejal Rodrigo M\u00fcller.<\/figcaption><\/figure>\n\n\n\n<p>Se resalta la indefectible necesidad de que la prestadora avance con los proyectos y\/o obras de construcci\u00f3n de Plantas de Tratamiento de L\u00edquidos Cloacales en las ciudades que presta el servicio. En tal sentido la resoluci\u00f3n requiere a Aguas Santafesinas que arbitre los medios que sean necesarios para avanzar con los proyectos y\/o obras de construcci\u00f3n, ampliaci\u00f3n y reformas de Plantas de Tratamiento de L\u00edquidos Cloacales en las ciudades que presta el Servicio. (Cabe mencionar que Esperanza es una de las 2 ciudades con m\u00e1s urgencia en este tema).<\/p>\n\n\n\n<p>Sugiere que algunos costos se calculen por unidad geogr\u00e1fica. La resoluci\u00f3n incorpora por ejemplo que los costos que ocasiona la bajante del Rio Paran\u00e1 (afecto a las ciudades de Santa Fe y Rosario, sobre todo) y las inversiones y gastos de emergencia dirigidos a atender las consecuencias de dicha bajante, no deber\u00edan ser solventados por los usuarios de las 15 localidades en que se presta servicio Aguas Santafesinas S.A.<\/p>\n\n\n\n<p>El concejal manifest\u00f3 que seguir\u00e1 en el camino de agotar todas las instancias, para tratar de lograr la obra de la Planta de Tratamiento Cloacal, para llevar las cloacas a los Barrios que todav\u00eda no la poseen.<\/p>\n<!-- AddThis Advanced Settings generic via filter on the_content --><!-- AddThis Share Buttons generic via filter on the_content -->","protected":false},"excerpt":{"rendered":"<p>Son el pedido por la Planta de Tratamientos de L\u00edquidos Cloacales para Esperanza, el Plan de [&hellip;]<!-- AddThis Advanced Settings generic via filter on get_the_excerpt --><!-- AddThis Share Buttons generic via filter on get_the_excerpt --><\/p>\n","protected":false},"author":16,"featured_media":39106,"comment_status":"open","ping_status":"open","sticky":false,"template":"","format":"standard","meta":{"_seopress_robots_primary_cat":"none","_seopress_titles_title":"","_seopress_titles_desc":"","_seopress_robots_index":"","_themeisle_gutenberg_block_has_review":false,"footnotes":""},"categories":[2,164,21,47,15],"tags":[],"class_list":["post-39102","post","type-post","status-publish","format-standard","has-post-thumbnail","hentry","category-actualidad","category-ambiente","category-las-colonias","category-locales","category-salud"],"_links":{"self":[{"href":"https:\/\/www.almargenweb.com.ar\/web\/wp-json\/wp\/v2\/posts\/39102","targetHints":{"allow":["GET"]}}],"collection":[{"href":"https:\/\/www.almargenweb.com.ar\/web\/wp-json\/wp\/v2\/posts"}],"about":[{"href":"https:\/\/www.almargenweb.com.ar\/web\/wp-json\/wp\/v2\/types\/post"}],"author":[{"embeddable":true,"href":"https:\/\/www.almargenweb.com.ar\/web\/wp-json\/wp\/v2\/users\/16"}],"replies":[{"embeddable":true,"href":"https:\/\/www.almargenweb.com.ar\/web\/wp-json\/wp\/v2\/comments?post=39102"}],"version-history":[{"count":1,"href":"https:\/\/www.almargenweb.com.ar\/web\/wp-json\/wp\/v2\/posts\/39102\/revisions"}],"predecessor-version":[{"id":39107,"href":"https:\/\/www.almargenweb.com.ar\/web\/wp-json\/wp\/v2\/posts\/39102\/revisions\/39107"}],"wp:featuredmedia":[{"embeddable":true,"href":"https:\/\/www.almargenweb.com.ar\/web\/wp-json\/wp\/v2\/media\/39106"}],"wp:attachment":[{"href":"https:\/\/www.almargenweb.com.ar\/web\/wp-json\/wp\/v2\/media?parent=39102"}],"wp:term":[{"taxonomy":"category","embeddable":true,"href":"https:\/\/www.almargenweb.com.ar\/web\/wp-json\/wp\/v2\/categories?post=39102"},{"taxonomy":"post_tag","embeddable":true,"href":"https:\/\/www.almargenweb.com.ar\/web\/wp-json\/wp\/v2\/tags?post=39102"}],"curies":[{"name":"wp","href":"https:\/\/api.w.org\/{rel}","templated":true}]}}