{"id":39081,"date":"2023-03-18T11:28:13","date_gmt":"2023-03-18T14:28:13","guid":{"rendered":"http:\/\/www.almargenweb.com.ar\/web\/?p=39081"},"modified":"2023-03-18T11:28:14","modified_gmt":"2023-03-18T14:28:14","slug":"unl-lanza-la-propuesta-de-trayectos-formativos-en-los-sectores-turistico-rural-tecnologico-y-cultural","status":"publish","type":"post","link":"https:\/\/www.almargenweb.com.ar\/web\/unl-lanza-la-propuesta-de-trayectos-formativos-en-los-sectores-turistico-rural-tecnologico-y-cultural\/","title":{"rendered":"UNL lanza la propuesta de Trayectos Formativos en los sectores tur\u00edstico, rural, tecnol\u00f3gico y cultural."},"content":{"rendered":"\n<p>Con el objetivo de fortalecer la oferta existente de formaci\u00f3n profesional en oficios y sumar nuevas propuestas para la comunidad, la Universidad Nacional del Litoral (UNL) a trav\u00e9s de la Secretar\u00eda de Extensi\u00f3n y Cultura presenta como novedad para este a\u00f1o los \u201cTrayectos Formativos de educaci\u00f3n profesional\u201d un espacio de formaci\u00f3n vinculado a las nuevas tecnolog\u00edas y los sectores cultural, tur\u00edstico y rural.<\/p>\n\n\n\n<p>Se trata de una oferta de capacitaci\u00f3n compuesta por un conjunto de cursos vinculados a una misma tem\u00e1tica, que se encuentran agrupados en los siguientes trayectos:<\/p>\n\n\n\n<p> Casas y edificios inteligentes; Turismo y desarrollo local; Oficios agropecuarios y Oficios del sector cultural. Toda la propuesta se puede conocer en <a href=\"http:\/\/www.unl.edu.ar\/extension\/capacitacion\" data-type=\"URL\" data-id=\"www.unl.edu.ar\/extension\/capacitacion\">www.unl.edu.ar\/extension\/capacitacion<\/a><\/p>\n\n\n\n<p>\u201cSon propuestas que comprenden un conjunto de cursos que tienen como finalidad fortalecer las capacidades profesionales de quienes lo realicen, eligiendo realizar todo el trayecto o bien, tomar uno o m\u00e1s cursos del mismo por separado\u201d explic\u00f3 Lia Bentolila, coordinadora del Programa de Formaci\u00f3n y Capacitaci\u00f3n.<\/p>\n\n\n\n<p>Como requisito, las personas deber\u00e1n ser mayores de 18 a\u00f1os. Los cursos se dictar\u00e1n de manera presencial.<\/p>\n\n\n\n<p> Los primeros cursos de cada trayecto abrir\u00e1n las inscripciones del 21 al 29 de marzo, mediante un formulario online que se habilitar\u00e1 en el sitio web. Son gratuitos y con cupos limitados.<\/p>\n\n\n\n<p>Hay que destacar que los trayectos seleccionados surgen de un estudio realizado junto con el Observatorio Social de la UNL y se enmarca dentro de las acciones que se han impulsado desde el proyecto acordado con el Ministerio de Educaci\u00f3n de la Naci\u00f3n a trav\u00e9s de la Secretar\u00eda de Pol\u00edticas Universitarias.<\/p>\n<!-- AddThis Advanced Settings generic via filter on the_content --><!-- AddThis Share Buttons generic via filter on the_content -->","protected":false},"excerpt":{"rendered":"<p>Con el objetivo de fortalecer la oferta existente de formaci\u00f3n profesional en oficios y sumar nuevas [&hellip;]<!-- AddThis Advanced Settings generic via filter on get_the_excerpt --><!-- AddThis Share Buttons generic via filter on get_the_excerpt --><\/p>\n","protected":false},"author":16,"featured_media":39084,"comment_status":"open","ping_status":"open","sticky":false,"template":"","format":"standard","meta":{"_seopress_robots_primary_cat":"none","_seopress_titles_title":"","_seopress_titles_desc":"","_seopress_robots_index":"","_themeisle_gutenberg_block_has_review":false,"footnotes":""},"categories":[2,164,15],"tags":[],"class_list":["post-39081","post","type-post","status-publish","format-standard","has-post-thumbnail","hentry","category-actualidad","category-ambiente","category-salud"],"_links":{"self":[{"href":"https:\/\/www.almargenweb.com.ar\/web\/wp-json\/wp\/v2\/posts\/39081","targetHints":{"allow":["GET"]}}],"collection":[{"href":"https:\/\/www.almargenweb.com.ar\/web\/wp-json\/wp\/v2\/posts"}],"about":[{"href":"https:\/\/www.almargenweb.com.ar\/web\/wp-json\/wp\/v2\/types\/post"}],"author":[{"embeddable":true,"href":"https:\/\/www.almargenweb.com.ar\/web\/wp-json\/wp\/v2\/users\/16"}],"replies":[{"embeddable":true,"href":"https:\/\/www.almargenweb.com.ar\/web\/wp-json\/wp\/v2\/comments?post=39081"}],"version-history":[{"count":1,"href":"https:\/\/www.almargenweb.com.ar\/web\/wp-json\/wp\/v2\/posts\/39081\/revisions"}],"predecessor-version":[{"id":39085,"href":"https:\/\/www.almargenweb.com.ar\/web\/wp-json\/wp\/v2\/posts\/39081\/revisions\/39085"}],"wp:featuredmedia":[{"embeddable":true,"href":"https:\/\/www.almargenweb.com.ar\/web\/wp-json\/wp\/v2\/media\/39084"}],"wp:attachment":[{"href":"https:\/\/www.almargenweb.com.ar\/web\/wp-json\/wp\/v2\/media?parent=39081"}],"wp:term":[{"taxonomy":"category","embeddable":true,"href":"https:\/\/www.almargenweb.com.ar\/web\/wp-json\/wp\/v2\/categories?post=39081"},{"taxonomy":"post_tag","embeddable":true,"href":"https:\/\/www.almargenweb.com.ar\/web\/wp-json\/wp\/v2\/tags?post=39081"}],"curies":[{"name":"wp","href":"https:\/\/api.w.org\/{rel}","templated":true}]}}