{"id":39076,"date":"2023-03-16T12:28:11","date_gmt":"2023-03-16T15:28:11","guid":{"rendered":"http:\/\/www.almargenweb.com.ar\/web\/?p=39076"},"modified":"2023-03-16T12:28:12","modified_gmt":"2023-03-16T15:28:12","slug":"incendios-en-argentina-siguen-el-combate-de-focos-activos-en-corrientes-y-entre-rios","status":"publish","type":"post","link":"https:\/\/www.almargenweb.com.ar\/web\/incendios-en-argentina-siguen-el-combate-de-focos-activos-en-corrientes-y-entre-rios\/","title":{"rendered":"Incendios en Argentina: Siguen el combate de focos activos en Corrientes y Entre R\u00edos"},"content":{"rendered":"\n<p>El Servicio Nacional del Manejo del Fuego brind\u00f3 un nuevo reporte diario en donde brinda los datos sobre los incendios que se vienen originando en gran parte de las provincias del pa\u00eds.<\/p>\n\n\n\n<p>Para esta oportunidad son dos las provincias con focos activos. Dos se encuentran en la provincia de Corrientes, ubicados en Ituzaing\u00f3 (Punta \u00d1aro) y en Santo Tom\u00e9 (Playadito). <\/p>\n\n\n\n<p>El feroz incendio ya consumi\u00f3 m\u00e1s de cinco mil hect\u00e1reas en el departamento de Ituzaing\u00f3, en la provincia correntina.<\/p>\n\n\n\n<p>Seg\u00fan los datos oficiales el 95 % de los incendios forestales son producidos por intervenciones humanas. Entre las primeras causas se encuentra el uso del fuego para la preparaci\u00f3n de \u00e1reas de pastoreo. <\/p>\n\n\n\n<p> Los factores clim\u00e1ticos, como la falta de precipitaciones, las temperaturas elevadas, el bajo porcentaje de humedad, las heladas constantes y los vientos fuertes, inciden en la propagaci\u00f3n del fuego. <\/p>\n<!-- AddThis Advanced Settings generic via filter on the_content --><!-- AddThis Share Buttons generic via filter on the_content -->","protected":false},"excerpt":{"rendered":"<p>El Servicio Nacional del Manejo del Fuego brind\u00f3 un nuevo reporte diario en donde brinda los [&hellip;]<!-- AddThis Advanced Settings generic via filter on get_the_excerpt --><!-- AddThis Share Buttons generic via filter on get_the_excerpt --><\/p>\n","protected":false},"author":16,"featured_media":39079,"comment_status":"open","ping_status":"open","sticky":false,"template":"","format":"standard","meta":{"_seopress_robots_primary_cat":"none","_seopress_titles_title":"","_seopress_titles_desc":"","_seopress_robots_index":"","_themeisle_gutenberg_block_has_review":false,"footnotes":""},"categories":[2,164],"tags":[],"class_list":["post-39076","post","type-post","status-publish","format-standard","has-post-thumbnail","hentry","category-actualidad","category-ambiente"],"_links":{"self":[{"href":"https:\/\/www.almargenweb.com.ar\/web\/wp-json\/wp\/v2\/posts\/39076","targetHints":{"allow":["GET"]}}],"collection":[{"href":"https:\/\/www.almargenweb.com.ar\/web\/wp-json\/wp\/v2\/posts"}],"about":[{"href":"https:\/\/www.almargenweb.com.ar\/web\/wp-json\/wp\/v2\/types\/post"}],"author":[{"embeddable":true,"href":"https:\/\/www.almargenweb.com.ar\/web\/wp-json\/wp\/v2\/users\/16"}],"replies":[{"embeddable":true,"href":"https:\/\/www.almargenweb.com.ar\/web\/wp-json\/wp\/v2\/comments?post=39076"}],"version-history":[{"count":1,"href":"https:\/\/www.almargenweb.com.ar\/web\/wp-json\/wp\/v2\/posts\/39076\/revisions"}],"predecessor-version":[{"id":39080,"href":"https:\/\/www.almargenweb.com.ar\/web\/wp-json\/wp\/v2\/posts\/39076\/revisions\/39080"}],"wp:featuredmedia":[{"embeddable":true,"href":"https:\/\/www.almargenweb.com.ar\/web\/wp-json\/wp\/v2\/media\/39079"}],"wp:attachment":[{"href":"https:\/\/www.almargenweb.com.ar\/web\/wp-json\/wp\/v2\/media?parent=39076"}],"wp:term":[{"taxonomy":"category","embeddable":true,"href":"https:\/\/www.almargenweb.com.ar\/web\/wp-json\/wp\/v2\/categories?post=39076"},{"taxonomy":"post_tag","embeddable":true,"href":"https:\/\/www.almargenweb.com.ar\/web\/wp-json\/wp\/v2\/tags?post=39076"}],"curies":[{"name":"wp","href":"https:\/\/api.w.org\/{rel}","templated":true}]}}