{"id":39066,"date":"2023-03-15T11:35:29","date_gmt":"2023-03-15T14:35:29","guid":{"rendered":"http:\/\/www.almargenweb.com.ar\/web\/?p=39066"},"modified":"2023-03-15T11:35:30","modified_gmt":"2023-03-15T14:35:30","slug":"cristian-cammisi-insistio-en-el-reclamo-para-que-se-abra-el-parque-de-la-agricultura","status":"publish","type":"post","link":"https:\/\/www.almargenweb.com.ar\/web\/cristian-cammisi-insistio-en-el-reclamo-para-que-se-abra-el-parque-de-la-agricultura\/","title":{"rendered":"Cristian Cammisi insisti\u00f3 en el reclamo para que se abra el Parque de la Agricultura"},"content":{"rendered":"\n<p>El edil de Juntos por el Cambio record\u00f3 que \u201cdesde 2020 distintos concejales presentamos pedidos en relaci\u00f3n al tema y no tuvieron respuesta\u201d.<\/p>\n\n\n\n<p>\u201cYa es momento de que se abra, es un paseo habitual para los esperancinos y no hay razones para que permanezca cerrado. Queremos que la familia vuelva a sentir el parque como propio y que puedan disfrutarlo todos, incluso los adultos mayores para quienes es pr\u00e1cticamente imposible llegar sin sus veh\u00edculos\u201d, dijo Cammisi.<\/p>\n\n\n\n<p>Cammisi tambi\u00e9n pidi\u00f3 que los ba\u00f1os ubicados a la vera de calle Chacabuco se mantengan abiertos, ya que los mismos permanecen cerrados.<\/p>\n\n\n\n<p> \u201cLa mayor\u00eda de la gente se concentra en ese sector del parque y tiene que caminar mucho, a veces con ni\u00f1os, cochecitos y adultos mayores, y hacer filas en los otros ba\u00f1os\u201c, reclam\u00f3.<\/p>\n\n\n\n<p>Por otro lado el concejal calific\u00f3 como \u201cpositivas\u201d las iniciativas como Ecocine y las jornadas de entrenamiento f\u00edsico organizadas por el municipio.<\/p>\n\n\n\n<p>\u201cSe trata de actividades que no molestan a los vecinos y que evitan que el parque se adue\u00f1e de quienes van a consumir drogas, cometer actos de vandalismo y delitos\u201d, concluy\u00f3 el referente de Juntos por el Cambio.<\/p>\n<!-- AddThis Advanced Settings generic via filter on the_content --><!-- AddThis Share Buttons generic via filter on the_content -->","protected":false},"excerpt":{"rendered":"<p>El edil de Juntos por el Cambio record\u00f3 que \u201cdesde 2020 distintos concejales presentamos pedidos en [&hellip;]<!-- AddThis Advanced Settings generic via filter on get_the_excerpt --><!-- AddThis Share Buttons generic via filter on get_the_excerpt --><\/p>\n","protected":false},"author":16,"featured_media":39069,"comment_status":"open","ping_status":"open","sticky":false,"template":"","format":"standard","meta":{"_seopress_robots_primary_cat":"none","_seopress_titles_title":"","_seopress_titles_desc":"","_seopress_robots_index":"","_themeisle_gutenberg_block_has_review":false,"footnotes":""},"categories":[2,164,21,47],"tags":[],"class_list":["post-39066","post","type-post","status-publish","format-standard","has-post-thumbnail","hentry","category-actualidad","category-ambiente","category-las-colonias","category-locales"],"_links":{"self":[{"href":"https:\/\/www.almargenweb.com.ar\/web\/wp-json\/wp\/v2\/posts\/39066","targetHints":{"allow":["GET"]}}],"collection":[{"href":"https:\/\/www.almargenweb.com.ar\/web\/wp-json\/wp\/v2\/posts"}],"about":[{"href":"https:\/\/www.almargenweb.com.ar\/web\/wp-json\/wp\/v2\/types\/post"}],"author":[{"embeddable":true,"href":"https:\/\/www.almargenweb.com.ar\/web\/wp-json\/wp\/v2\/users\/16"}],"replies":[{"embeddable":true,"href":"https:\/\/www.almargenweb.com.ar\/web\/wp-json\/wp\/v2\/comments?post=39066"}],"version-history":[{"count":1,"href":"https:\/\/www.almargenweb.com.ar\/web\/wp-json\/wp\/v2\/posts\/39066\/revisions"}],"predecessor-version":[{"id":39070,"href":"https:\/\/www.almargenweb.com.ar\/web\/wp-json\/wp\/v2\/posts\/39066\/revisions\/39070"}],"wp:featuredmedia":[{"embeddable":true,"href":"https:\/\/www.almargenweb.com.ar\/web\/wp-json\/wp\/v2\/media\/39069"}],"wp:attachment":[{"href":"https:\/\/www.almargenweb.com.ar\/web\/wp-json\/wp\/v2\/media?parent=39066"}],"wp:term":[{"taxonomy":"category","embeddable":true,"href":"https:\/\/www.almargenweb.com.ar\/web\/wp-json\/wp\/v2\/categories?post=39066"},{"taxonomy":"post_tag","embeddable":true,"href":"https:\/\/www.almargenweb.com.ar\/web\/wp-json\/wp\/v2\/tags?post=39066"}],"curies":[{"name":"wp","href":"https:\/\/api.w.org\/{rel}","templated":true}]}}