{"id":39056,"date":"2023-03-14T09:34:47","date_gmt":"2023-03-14T12:34:47","guid":{"rendered":"http:\/\/www.almargenweb.com.ar\/web\/?p=39056"},"modified":"2023-03-14T09:34:47","modified_gmt":"2023-03-14T12:34:47","slug":"muller-pide-que-el-consejo-de-seguridad-se-reuna-el-ejecutivo-debe-tomar-el-asunto-de-forma-directa","status":"publish","type":"post","link":"https:\/\/www.almargenweb.com.ar\/web\/muller-pide-que-el-consejo-de-seguridad-se-reuna-el-ejecutivo-debe-tomar-el-asunto-de-forma-directa\/","title":{"rendered":"M\u00fcller pide que el Consejo de Seguridad se re\u00fana: \u201cEl Ejecutivo debe tomar el asunto de forma directa\u201d."},"content":{"rendered":"\n<p>Rodrigo M\u00fcller tiene que cumplir con las reuniones mensuales. \u201cLas reuniones permiten jerarquizar la pol\u00edtica de seguridad local y posibilita que el Ejecutivo tome el asunto de forma directa\u201d, remarc\u00f3.<\/p>\n\n\n\n<p>Luego, el referente radical resalt\u00f3 \u201cEs un \u00e1mbito que deber\u00eda actuar en forma permanente y obligatoria con funciones claras\u201d.<\/p>\n\n\n\n<p>M\u00fcller explic\u00f3 que \u201cen primer lugar debemos reconocer que estamos ante un grave problema, donde nadie puede hacerse el distra\u00eddo\u201d es por eso que \u201cnecesitamos de todo nuestro esfuerzo destinados a la b\u00fasqueda de soluciones conjuntas que se transformen en pol\u00edticas de Estado, por encima de cualquier partidismo pol\u00edtico y, para ello, debemos contar con un marco legal donde se atribuyan funciones, responsables y c\u00f3mo se organiza el Consejo de Seguridad\u201d.<\/p>\n\n\n\n<p>\u201cEs la oportunidad para tener un \u00e1mbito claro con conducci\u00f3n directa de la intendenta o intendente Municipal que permitir\u00e1 tomar las riendas de la pol\u00edtica de seguridad\u201d, remarc\u00f3 M\u00fcller.<\/p>\n\n\n\n<p>Luego, el referente radical aclar\u00f3 que \u201cHoy el Consejo de Seguridad contiene de forma precisa las atribuciones y funciones para colaborar, asesorar y servir de espacio de reclamo y rendici\u00f3n de cuentas de todos los actores vinculados a la seguridad urbana de la ciudad de Esperanza\u201d.<\/p>\n\n\n\n<p>\u201cEs imperioso que se fijen metas y objetivos precisos ante la inseguridad en Esperanza, porque el Estado local tiene mucho para realizar y ejecutar en formar preventiva y no solo represiva, a trav\u00e9s de diversas pol\u00edticas que ata\u00f1en a la seguridad\u201d.<\/p>\n<!-- AddThis Advanced Settings generic via filter on the_content --><!-- AddThis Share Buttons generic via filter on the_content -->","protected":false},"excerpt":{"rendered":"<p>Rodrigo M\u00fcller tiene que cumplir con las reuniones mensuales. \u201cLas reuniones permiten jerarquizar la pol\u00edtica de [&hellip;]<!-- AddThis Advanced Settings generic via filter on get_the_excerpt --><!-- AddThis Share Buttons generic via filter on get_the_excerpt --><\/p>\n","protected":false},"author":16,"featured_media":39059,"comment_status":"open","ping_status":"open","sticky":false,"template":"","format":"standard","meta":{"_seopress_robots_primary_cat":"none","_seopress_titles_title":"","_seopress_titles_desc":"","_seopress_robots_index":"","_themeisle_gutenberg_block_has_review":false,"footnotes":""},"categories":[2,47,9],"tags":[],"class_list":["post-39056","post","type-post","status-publish","format-standard","has-post-thumbnail","hentry","category-actualidad","category-locales","category-politica"],"_links":{"self":[{"href":"https:\/\/www.almargenweb.com.ar\/web\/wp-json\/wp\/v2\/posts\/39056","targetHints":{"allow":["GET"]}}],"collection":[{"href":"https:\/\/www.almargenweb.com.ar\/web\/wp-json\/wp\/v2\/posts"}],"about":[{"href":"https:\/\/www.almargenweb.com.ar\/web\/wp-json\/wp\/v2\/types\/post"}],"author":[{"embeddable":true,"href":"https:\/\/www.almargenweb.com.ar\/web\/wp-json\/wp\/v2\/users\/16"}],"replies":[{"embeddable":true,"href":"https:\/\/www.almargenweb.com.ar\/web\/wp-json\/wp\/v2\/comments?post=39056"}],"version-history":[{"count":1,"href":"https:\/\/www.almargenweb.com.ar\/web\/wp-json\/wp\/v2\/posts\/39056\/revisions"}],"predecessor-version":[{"id":39060,"href":"https:\/\/www.almargenweb.com.ar\/web\/wp-json\/wp\/v2\/posts\/39056\/revisions\/39060"}],"wp:featuredmedia":[{"embeddable":true,"href":"https:\/\/www.almargenweb.com.ar\/web\/wp-json\/wp\/v2\/media\/39059"}],"wp:attachment":[{"href":"https:\/\/www.almargenweb.com.ar\/web\/wp-json\/wp\/v2\/media?parent=39056"}],"wp:term":[{"taxonomy":"category","embeddable":true,"href":"https:\/\/www.almargenweb.com.ar\/web\/wp-json\/wp\/v2\/categories?post=39056"},{"taxonomy":"post_tag","embeddable":true,"href":"https:\/\/www.almargenweb.com.ar\/web\/wp-json\/wp\/v2\/tags?post=39056"}],"curies":[{"name":"wp","href":"https:\/\/api.w.org\/{rel}","templated":true}]}}