{"id":39046,"date":"2023-03-14T09:01:10","date_gmt":"2023-03-14T12:01:10","guid":{"rendered":"http:\/\/www.almargenweb.com.ar\/web\/?p=39046"},"modified":"2023-03-14T09:01:11","modified_gmt":"2023-03-14T12:01:11","slug":"extenderan-hasta-mediados-de-abril-el-plazo-de-inscripcion-al-registro-de-subsidios-de-luz-y-gas","status":"publish","type":"post","link":"https:\/\/www.almargenweb.com.ar\/web\/extenderan-hasta-mediados-de-abril-el-plazo-de-inscripcion-al-registro-de-subsidios-de-luz-y-gas\/","title":{"rendered":"Extender\u00e1n hasta mediados de abril el plazo de inscripci\u00f3n al registro de subsidios de luz y gas"},"content":{"rendered":"\n<p>La decisi\u00f3n responde a que detectaron que hay una porci\u00f3n importante de potenciales beneficiarios, &#8220;sobre todo del interior del pa\u00eds&#8221;, que todav\u00eda no se inscribieron y esperan a que s\u00ed lo hagan antes de aplicar en forma plena la segmentaci\u00f3n tarifaria anunciada el a\u00f1o pasado.<\/p>\n\n\n\n<p>La racionalizaci\u00f3n del gasto en subsidios fue uno de los requerimientos que hizo el FMI para que llegar a la meta de 1,9% del PBI de d\u00e9ficit fiscal en 2023.<\/p>\n<!-- AddThis Advanced Settings generic via filter on the_content --><!-- AddThis Share Buttons generic via filter on the_content -->","protected":false},"excerpt":{"rendered":"<p>La decisi\u00f3n responde a que detectaron que hay una porci\u00f3n importante de potenciales beneficiarios, &#8220;sobre todo [&hellip;]<!-- AddThis Advanced Settings generic via filter on get_the_excerpt --><!-- AddThis Share Buttons generic via filter on get_the_excerpt --><\/p>\n","protected":false},"author":16,"featured_media":39049,"comment_status":"open","ping_status":"open","sticky":false,"template":"","format":"standard","meta":{"_seopress_robots_primary_cat":"none","_seopress_titles_title":"","_seopress_titles_desc":"","_seopress_robots_index":"","_themeisle_gutenberg_block_has_review":false,"footnotes":""},"categories":[2,164,5],"tags":[],"class_list":["post-39046","post","type-post","status-publish","format-standard","has-post-thumbnail","hentry","category-actualidad","category-ambiente","category-economia"],"_links":{"self":[{"href":"https:\/\/www.almargenweb.com.ar\/web\/wp-json\/wp\/v2\/posts\/39046","targetHints":{"allow":["GET"]}}],"collection":[{"href":"https:\/\/www.almargenweb.com.ar\/web\/wp-json\/wp\/v2\/posts"}],"about":[{"href":"https:\/\/www.almargenweb.com.ar\/web\/wp-json\/wp\/v2\/types\/post"}],"author":[{"embeddable":true,"href":"https:\/\/www.almargenweb.com.ar\/web\/wp-json\/wp\/v2\/users\/16"}],"replies":[{"embeddable":true,"href":"https:\/\/www.almargenweb.com.ar\/web\/wp-json\/wp\/v2\/comments?post=39046"}],"version-history":[{"count":1,"href":"https:\/\/www.almargenweb.com.ar\/web\/wp-json\/wp\/v2\/posts\/39046\/revisions"}],"predecessor-version":[{"id":39050,"href":"https:\/\/www.almargenweb.com.ar\/web\/wp-json\/wp\/v2\/posts\/39046\/revisions\/39050"}],"wp:featuredmedia":[{"embeddable":true,"href":"https:\/\/www.almargenweb.com.ar\/web\/wp-json\/wp\/v2\/media\/39049"}],"wp:attachment":[{"href":"https:\/\/www.almargenweb.com.ar\/web\/wp-json\/wp\/v2\/media?parent=39046"}],"wp:term":[{"taxonomy":"category","embeddable":true,"href":"https:\/\/www.almargenweb.com.ar\/web\/wp-json\/wp\/v2\/categories?post=39046"},{"taxonomy":"post_tag","embeddable":true,"href":"https:\/\/www.almargenweb.com.ar\/web\/wp-json\/wp\/v2\/tags?post=39046"}],"curies":[{"name":"wp","href":"https:\/\/api.w.org\/{rel}","templated":true}]}}