{"id":39033,"date":"2023-03-13T08:30:46","date_gmt":"2023-03-13T11:30:46","guid":{"rendered":"http:\/\/www.almargenweb.com.ar\/web\/?p=39033"},"modified":"2023-03-13T08:30:47","modified_gmt":"2023-03-13T11:30:47","slug":"este-miercoles-asumen-nuevas-autoridades-en-la-eagg","status":"publish","type":"post","link":"https:\/\/www.almargenweb.com.ar\/web\/este-miercoles-asumen-nuevas-autoridades-en-la-eagg\/","title":{"rendered":"Este mi\u00e9rcoles asumen nuevas autoridades en la EAGG"},"content":{"rendered":"\n<p>El pr\u00f3ximo mi\u00e9rcoles 15 de marzo se realizar\u00e1 el acto protocolar de asunci\u00f3n de las nuevas autoridades electas de la Escuela de Agricultura, Ganader\u00eda y Granja (EAGG) para el per\u00edodo 2023-2027. <\/p>\n\n\n\n<p>Asumir\u00e1n sus funciones el Ing. Agr. Rodrigo Benitez como director y el T\u00e9c. Gabriel Gatti como vicedirector, tras ser elegidos por el cuerpo docente de la EAGG y designados en sesi\u00f3n ordinaria de los Consejos Directivos de las Facultades de Ciencias Agrarias y de Ciencias Veterinarias de la Universidad Nacional del Litoral, en diciembre \u00faltimo.<\/p>\n\n\n\n<p>La actividad se llevar\u00e1 a cabo a partir de las 16.00 en el patio central de la EAGG.<br>Se invita a participar a toda la comunidad educativa.<\/p>\n\n\n\n<p><\/p>\n<!-- AddThis Advanced Settings generic via filter on the_content --><!-- AddThis Share Buttons generic via filter on the_content -->","protected":false},"excerpt":{"rendered":"<p>El pr\u00f3ximo mi\u00e9rcoles 15 de marzo se realizar\u00e1 el acto protocolar de asunci\u00f3n de las nuevas [&hellip;]<!-- AddThis Advanced Settings generic via filter on get_the_excerpt --><!-- AddThis Share Buttons generic via filter on get_the_excerpt --><\/p>\n","protected":false},"author":16,"featured_media":39036,"comment_status":"open","ping_status":"open","sticky":false,"template":"","format":"standard","meta":{"_seopress_robots_primary_cat":"none","_seopress_titles_title":"","_seopress_titles_desc":"","_seopress_robots_index":"","_themeisle_gutenberg_block_has_review":false,"footnotes":""},"categories":[2,19],"tags":[],"class_list":["post-39033","post","type-post","status-publish","format-standard","has-post-thumbnail","hentry","category-actualidad","category-educacion"],"_links":{"self":[{"href":"https:\/\/www.almargenweb.com.ar\/web\/wp-json\/wp\/v2\/posts\/39033","targetHints":{"allow":["GET"]}}],"collection":[{"href":"https:\/\/www.almargenweb.com.ar\/web\/wp-json\/wp\/v2\/posts"}],"about":[{"href":"https:\/\/www.almargenweb.com.ar\/web\/wp-json\/wp\/v2\/types\/post"}],"author":[{"embeddable":true,"href":"https:\/\/www.almargenweb.com.ar\/web\/wp-json\/wp\/v2\/users\/16"}],"replies":[{"embeddable":true,"href":"https:\/\/www.almargenweb.com.ar\/web\/wp-json\/wp\/v2\/comments?post=39033"}],"version-history":[{"count":1,"href":"https:\/\/www.almargenweb.com.ar\/web\/wp-json\/wp\/v2\/posts\/39033\/revisions"}],"predecessor-version":[{"id":39037,"href":"https:\/\/www.almargenweb.com.ar\/web\/wp-json\/wp\/v2\/posts\/39033\/revisions\/39037"}],"wp:featuredmedia":[{"embeddable":true,"href":"https:\/\/www.almargenweb.com.ar\/web\/wp-json\/wp\/v2\/media\/39036"}],"wp:attachment":[{"href":"https:\/\/www.almargenweb.com.ar\/web\/wp-json\/wp\/v2\/media?parent=39033"}],"wp:term":[{"taxonomy":"category","embeddable":true,"href":"https:\/\/www.almargenweb.com.ar\/web\/wp-json\/wp\/v2\/categories?post=39033"},{"taxonomy":"post_tag","embeddable":true,"href":"https:\/\/www.almargenweb.com.ar\/web\/wp-json\/wp\/v2\/tags?post=39033"}],"curies":[{"name":"wp","href":"https:\/\/api.w.org\/{rel}","templated":true}]}}