{"id":39017,"date":"2023-03-10T13:02:58","date_gmt":"2023-03-10T16:02:58","guid":{"rendered":"http:\/\/www.almargenweb.com.ar\/web\/?p=39017"},"modified":"2023-03-10T13:03:00","modified_gmt":"2023-03-10T16:03:00","slug":"dengue-en-la-ciudad-de-santa-fe-ya-confirmaron-la-circulacion-viral","status":"publish","type":"post","link":"https:\/\/www.almargenweb.com.ar\/web\/dengue-en-la-ciudad-de-santa-fe-ya-confirmaron-la-circulacion-viral\/","title":{"rendered":"Dengue: en la ciudad de Santa Fe ya confirmaron la &#8220;circulaci\u00f3n viral&#8221;"},"content":{"rendered":"\n<p>La ciudad tiene confirmado siete casos de dengue en diferentes barrios, por lo que sostienen que hay circulaci\u00f3n viral pero controlada.<\/p>\n\n\n\n<p>Segun el Ministerio de Salud de la provincia, actualmente hay 1.376 casos positivos de dengue y tambien, hay circulaci\u00f3n viral con siete contagios, aunque puede haber m\u00e1s.<\/p>\n\n\n\n<p>Entre las localidades y departamentos con m\u00e1s contagios, destac\u00f3 a Villa Minetti, Ceres y Rafaela. En Santa Fe va aumentando de a poco, mientras que en Rosario hay circulaci\u00f3n de dos serotipos virales, serotipo 1 y serotipo 2.<\/p>\n\n\n\n<p>Los s\u00edntomas del dengue son fiebre alta, fuerte dolor de cabeza, erupci\u00f3n cut\u00e1nea que provoca picaz\u00f3n y puede surgir entre en quinto y s\u00e9ptimo d\u00eda cuando baja la fiebre, dolor detr\u00e1s de los ojos y dolor en el cuerpo.<\/p>\n\n\n\n<p>La principal recomendaci\u00f3n del ministerio es evitar los recipientes que pueden acumular agua y en caso de tenerlos darlos vueltas o vaciarlos todos los d\u00edas. <\/p>\n\n\n\n<p>Si los recipientes son necesarios aconsejan cambiar el agua todos los d\u00edas.<\/p>\n<!-- AddThis Advanced Settings generic via filter on the_content --><!-- AddThis Share Buttons generic via filter on the_content -->","protected":false},"excerpt":{"rendered":"<p>La ciudad tiene confirmado siete casos de dengue en diferentes barrios, por lo que sostienen que [&hellip;]<!-- AddThis Advanced Settings generic via filter on get_the_excerpt --><!-- AddThis Share Buttons generic via filter on get_the_excerpt --><\/p>\n","protected":false},"author":16,"featured_media":39020,"comment_status":"open","ping_status":"open","sticky":false,"template":"","format":"standard","meta":{"_seopress_robots_primary_cat":"none","_seopress_titles_title":"","_seopress_titles_desc":"","_seopress_robots_index":"","_themeisle_gutenberg_block_has_review":false,"footnotes":""},"categories":[2,164,48,15],"tags":[],"class_list":["post-39017","post","type-post","status-publish","format-standard","has-post-thumbnail","hentry","category-actualidad","category-ambiente","category-provinciales","category-salud"],"_links":{"self":[{"href":"https:\/\/www.almargenweb.com.ar\/web\/wp-json\/wp\/v2\/posts\/39017","targetHints":{"allow":["GET"]}}],"collection":[{"href":"https:\/\/www.almargenweb.com.ar\/web\/wp-json\/wp\/v2\/posts"}],"about":[{"href":"https:\/\/www.almargenweb.com.ar\/web\/wp-json\/wp\/v2\/types\/post"}],"author":[{"embeddable":true,"href":"https:\/\/www.almargenweb.com.ar\/web\/wp-json\/wp\/v2\/users\/16"}],"replies":[{"embeddable":true,"href":"https:\/\/www.almargenweb.com.ar\/web\/wp-json\/wp\/v2\/comments?post=39017"}],"version-history":[{"count":1,"href":"https:\/\/www.almargenweb.com.ar\/web\/wp-json\/wp\/v2\/posts\/39017\/revisions"}],"predecessor-version":[{"id":39021,"href":"https:\/\/www.almargenweb.com.ar\/web\/wp-json\/wp\/v2\/posts\/39017\/revisions\/39021"}],"wp:featuredmedia":[{"embeddable":true,"href":"https:\/\/www.almargenweb.com.ar\/web\/wp-json\/wp\/v2\/media\/39020"}],"wp:attachment":[{"href":"https:\/\/www.almargenweb.com.ar\/web\/wp-json\/wp\/v2\/media?parent=39017"}],"wp:term":[{"taxonomy":"category","embeddable":true,"href":"https:\/\/www.almargenweb.com.ar\/web\/wp-json\/wp\/v2\/categories?post=39017"},{"taxonomy":"post_tag","embeddable":true,"href":"https:\/\/www.almargenweb.com.ar\/web\/wp-json\/wp\/v2\/tags?post=39017"}],"curies":[{"name":"wp","href":"https:\/\/api.w.org\/{rel}","templated":true}]}}