{"id":38990,"date":"2023-03-07T13:41:04","date_gmt":"2023-03-07T16:41:04","guid":{"rendered":"http:\/\/www.almargenweb.com.ar\/web\/?p=38990"},"modified":"2023-03-07T13:41:05","modified_gmt":"2023-03-07T16:41:05","slug":"rodrigo-muller-si-otros-gobiernos-municipales-hacen-viviendas-por-que-nosotros-no-podemos-hacerlo","status":"publish","type":"post","link":"https:\/\/www.almargenweb.com.ar\/web\/rodrigo-muller-si-otros-gobiernos-municipales-hacen-viviendas-por-que-nosotros-no-podemos-hacerlo\/","title":{"rendered":"Rodrigo M\u00fcller: &#8220;Si otros gobiernos municipales hacen Viviendas \u00bfPor qu\u00e9 nosotros no podemos hacerlo?"},"content":{"rendered":"\n<p>La vivienda es un derecho, pero para lograrlo, hay que tomar decisiones. Dejar de gastar en cosas improductivas en el Estado y destinarlo en aquello que produce soluciones.<\/p>\n\n\n\n<p>El concejal radical, Rodrigo M\u00fcller, sostiene que su iniciativa lograr\u00eda que Esperanza tenga un plan de vivienda propio que hoy la ciudad no posee.<\/p>\n\n\n\n<p>En ese sentido, Muller sostuvo que presentaron &#8220;un proyecto habitacional que permitir\u00e1 que 200 familias esperancinas accedan a su vivienda o lote propio en un plazo de cuatro a\u00f1os. Se trata de un proyecto concreto para comenzar a solucionar uno de los mayores d\u00e9ficits que tiene la ciudad y realizarlo \u00edntegramente con fondos municipales.&#8221;<\/p>\n\n\n\n<p>Desde que presentamos esta iniciativa nos encontramos con dos respuestas recurrentes: Por un lado, la de cientos de familias que entienden que sin la ayuda del Estado nunca podr\u00e1n acceder a una vivienda propia y esperan su oportunidad y, por el otro, la desconfianza de que el programa sea uno m\u00e1s de los tantos que se han prometido y nunca se llevaron a cabo.<\/p>\n\n\n\n<p>Conocemos de esas falsas promesas y por eso con un equipo de trabajo muy capacitado nos propusimos estudiar a fondo la situaci\u00f3n actual, otras experiencias de localidades cercanas y los costos de la construcci\u00f3n para concretar un plan que sea viable para los esperancinos.<\/p>\n\n\n\n<p>\u201cSe trata de un plan que presenta medidas estrat\u00e9gicas para afrontar problemas concretos: el incremento de los alquileres, la dificultad de los j\u00f3venes para emanciparse y acceder a la vivienda, entre otros. El hecho de vivir en un hogar digno, es un derecho de todas las personas y este proyecto no son solo intenciones, est\u00e1 desarrollado sobre acciones y medidas concretas que combinan diferentes herramientas para que podamos trabajar en la redistribuci\u00f3n y restructuraci\u00f3n urbana que Esperanza hace tiempo necesita\u201d, concluy\u00f3 M\u00fcller.\u00a0<\/p>\n<!-- AddThis Advanced Settings generic via filter on the_content --><!-- AddThis Share Buttons generic via filter on the_content -->","protected":false},"excerpt":{"rendered":"<p>La vivienda es un derecho, pero para lograrlo, hay que tomar decisiones. Dejar de gastar en [&hellip;]<!-- AddThis Advanced Settings generic via filter on get_the_excerpt --><!-- AddThis Share Buttons generic via filter on get_the_excerpt --><\/p>\n","protected":false},"author":16,"featured_media":38993,"comment_status":"open","ping_status":"open","sticky":false,"template":"","format":"standard","meta":{"_seopress_robots_primary_cat":"none","_seopress_titles_title":"","_seopress_titles_desc":"","_seopress_robots_index":"","_themeisle_gutenberg_block_has_review":false,"footnotes":""},"categories":[2,164,21,47],"tags":[],"class_list":["post-38990","post","type-post","status-publish","format-standard","has-post-thumbnail","hentry","category-actualidad","category-ambiente","category-las-colonias","category-locales"],"_links":{"self":[{"href":"https:\/\/www.almargenweb.com.ar\/web\/wp-json\/wp\/v2\/posts\/38990","targetHints":{"allow":["GET"]}}],"collection":[{"href":"https:\/\/www.almargenweb.com.ar\/web\/wp-json\/wp\/v2\/posts"}],"about":[{"href":"https:\/\/www.almargenweb.com.ar\/web\/wp-json\/wp\/v2\/types\/post"}],"author":[{"embeddable":true,"href":"https:\/\/www.almargenweb.com.ar\/web\/wp-json\/wp\/v2\/users\/16"}],"replies":[{"embeddable":true,"href":"https:\/\/www.almargenweb.com.ar\/web\/wp-json\/wp\/v2\/comments?post=38990"}],"version-history":[{"count":1,"href":"https:\/\/www.almargenweb.com.ar\/web\/wp-json\/wp\/v2\/posts\/38990\/revisions"}],"predecessor-version":[{"id":38994,"href":"https:\/\/www.almargenweb.com.ar\/web\/wp-json\/wp\/v2\/posts\/38990\/revisions\/38994"}],"wp:featuredmedia":[{"embeddable":true,"href":"https:\/\/www.almargenweb.com.ar\/web\/wp-json\/wp\/v2\/media\/38993"}],"wp:attachment":[{"href":"https:\/\/www.almargenweb.com.ar\/web\/wp-json\/wp\/v2\/media?parent=38990"}],"wp:term":[{"taxonomy":"category","embeddable":true,"href":"https:\/\/www.almargenweb.com.ar\/web\/wp-json\/wp\/v2\/categories?post=38990"},{"taxonomy":"post_tag","embeddable":true,"href":"https:\/\/www.almargenweb.com.ar\/web\/wp-json\/wp\/v2\/tags?post=38990"}],"curies":[{"name":"wp","href":"https:\/\/api.w.org\/{rel}","templated":true}]}}