{"id":38980,"date":"2023-03-07T11:50:37","date_gmt":"2023-03-07T14:50:37","guid":{"rendered":"http:\/\/www.almargenweb.com.ar\/web\/?p=38980"},"modified":"2023-03-07T11:50:38","modified_gmt":"2023-03-07T14:50:38","slug":"aumento-un-60-el-peaje-de-la-ruta-70-y-lleva-128-en-5-meses","status":"publish","type":"post","link":"https:\/\/www.almargenweb.com.ar\/web\/aumento-un-60-el-peaje-de-la-ruta-70-y-lleva-128-en-5-meses\/","title":{"rendered":"Aument\u00f3 un 60% el peaje de la ruta 70 y lleva 128% en 5 meses"},"content":{"rendered":"\n<p>Vialidad Provincial y el Ministerio de Hacienda habilitaron finalmente este lunes un nuevo aumento del cuadro tarifario para los corredores viales de la Provincia, y que se pondr\u00e1 en marcha en el d\u00eda de hoy.<\/p>\n\n\n\n<p> La \u00faltima vez el aumento se dio de manera simult\u00e1nea para los corredores viales y la Autopista Santa Fe \u2013 Rosario.<\/p>\n\n\n\n<p>De esta manera, desde este martes 7 de marzo el nuevo valor del paso por cabina para un autom\u00f3vil pasar\u00e1 de 100 a 160 pesos. <\/p>\n\n\n\n<p>As\u00ed el recorrido de 100 km por la ruta provincial 70 tendr\u00e1 un costo de 320 pesos para un autom\u00f3vil.<\/p>\n\n\n\n<p>La tarifa es la misma para las tres cabinas de la Unidad Ejecutora Corredor Vial 9 que est\u00e1n ubicadas en Esperanza, Franck y Nuevo Torino. <\/p>\n\n\n\n<p>Cabe se\u00f1alar que en 5 meses el aumento acumulado del paso de veh\u00edculos por las cabinas aumento un 128% con s\u00f3lo considerar que a principios de octubre pasado el costo era de 70 pesos, fue modificado a 100 pesos y ahora a 160.<\/p>\n<!-- AddThis Advanced Settings generic via filter on the_content --><!-- AddThis Share Buttons generic via filter on the_content -->","protected":false},"excerpt":{"rendered":"<p>Vialidad Provincial y el Ministerio de Hacienda habilitaron finalmente este lunes un nuevo aumento del cuadro [&hellip;]<!-- AddThis Advanced Settings generic via filter on get_the_excerpt --><!-- AddThis Share Buttons generic via filter on get_the_excerpt --><\/p>\n","protected":false},"author":16,"featured_media":38983,"comment_status":"open","ping_status":"open","sticky":false,"template":"","format":"standard","meta":{"_seopress_robots_primary_cat":"none","_seopress_titles_title":"","_seopress_titles_desc":"","_seopress_robots_index":"","_themeisle_gutenberg_block_has_review":false,"footnotes":""},"categories":[2,164,5,317],"tags":[],"class_list":["post-38980","post","type-post","status-publish","format-standard","has-post-thumbnail","hentry","category-actualidad","category-ambiente","category-economia","category-transporte"],"_links":{"self":[{"href":"https:\/\/www.almargenweb.com.ar\/web\/wp-json\/wp\/v2\/posts\/38980","targetHints":{"allow":["GET"]}}],"collection":[{"href":"https:\/\/www.almargenweb.com.ar\/web\/wp-json\/wp\/v2\/posts"}],"about":[{"href":"https:\/\/www.almargenweb.com.ar\/web\/wp-json\/wp\/v2\/types\/post"}],"author":[{"embeddable":true,"href":"https:\/\/www.almargenweb.com.ar\/web\/wp-json\/wp\/v2\/users\/16"}],"replies":[{"embeddable":true,"href":"https:\/\/www.almargenweb.com.ar\/web\/wp-json\/wp\/v2\/comments?post=38980"}],"version-history":[{"count":1,"href":"https:\/\/www.almargenweb.com.ar\/web\/wp-json\/wp\/v2\/posts\/38980\/revisions"}],"predecessor-version":[{"id":38984,"href":"https:\/\/www.almargenweb.com.ar\/web\/wp-json\/wp\/v2\/posts\/38980\/revisions\/38984"}],"wp:featuredmedia":[{"embeddable":true,"href":"https:\/\/www.almargenweb.com.ar\/web\/wp-json\/wp\/v2\/media\/38983"}],"wp:attachment":[{"href":"https:\/\/www.almargenweb.com.ar\/web\/wp-json\/wp\/v2\/media?parent=38980"}],"wp:term":[{"taxonomy":"category","embeddable":true,"href":"https:\/\/www.almargenweb.com.ar\/web\/wp-json\/wp\/v2\/categories?post=38980"},{"taxonomy":"post_tag","embeddable":true,"href":"https:\/\/www.almargenweb.com.ar\/web\/wp-json\/wp\/v2\/tags?post=38980"}],"curies":[{"name":"wp","href":"https:\/\/api.w.org\/{rel}","templated":true}]}}