{"id":38970,"date":"2023-03-06T11:50:14","date_gmt":"2023-03-06T14:50:14","guid":{"rendered":"http:\/\/www.almargenweb.com.ar\/web\/?p=38970"},"modified":"2023-03-06T11:50:15","modified_gmt":"2023-03-06T14:50:15","slug":"comienzo-trunco-docentes-santafesinos-preparan-otro-paro-de-48-horas","status":"publish","type":"post","link":"https:\/\/www.almargenweb.com.ar\/web\/comienzo-trunco-docentes-santafesinos-preparan-otro-paro-de-48-horas\/","title":{"rendered":"Comienzo trunco: docentes santafesinos preparan otro paro de 48 horas"},"content":{"rendered":"\n<p>La nueva medida de fuerza, que fue ratificada durante una asamblea gremial, es igual a la que impidi\u00f3 el normal comienzo de las clases el mi\u00e9rcoles pasado. <\/p>\n\n\n\n<p>Desde el Gobierno sostuvieron que para que haya una nueva convocatoria paritaria los educadores deber\u00e1n suspender el paro.<\/p>\n\n\n\n<p>El ciclo lectivo 2023 tuvo un comienzo trunco en Santa Fe, en donde docentes p\u00fablicos y privados decidieron realizar un paro de 48 horas que dej\u00f3 las aulas vac\u00edas durante el mi\u00e9rcoles y jueves pasados como medida de reclamo de una nueva oferta salarial por parte del Gobierno provincial. <\/p>\n\n\n\n<p>La primera propuesta paritaria que hizo el Ejecutivo a los docentes consist\u00eda en una suba escalonada del 33,5% que se iba a pagar entre marzo y julio, con dos revisiones en mayo y julio pr\u00f3ximos.<\/p>\n\n\n\n<p>Tal y como ratificaron los maestros a trav\u00e9s de una asamblea, la nueva medida de fuerza estaba confirmada para este martes y mi\u00e9rcoles, en tanto las autoridades estatales no convoquen una nueva reuni\u00f3n para avanzar en la discusi\u00f3n paritaria y presentar una oferta que supere a la anterior.<\/p>\n<!-- AddThis Advanced Settings generic via filter on the_content --><!-- AddThis Share Buttons generic via filter on the_content -->","protected":false},"excerpt":{"rendered":"<p>La nueva medida de fuerza, que fue ratificada durante una asamblea gremial, es igual a la [&hellip;]<!-- AddThis Advanced Settings generic via filter on get_the_excerpt --><!-- AddThis Share Buttons generic via filter on get_the_excerpt --><\/p>\n","protected":false},"author":16,"featured_media":38973,"comment_status":"open","ping_status":"open","sticky":false,"template":"","format":"standard","meta":{"_seopress_robots_primary_cat":"none","_seopress_titles_title":"","_seopress_titles_desc":"","_seopress_robots_index":"","_themeisle_gutenberg_block_has_review":false,"footnotes":""},"categories":[2,164,19],"tags":[],"class_list":["post-38970","post","type-post","status-publish","format-standard","has-post-thumbnail","hentry","category-actualidad","category-ambiente","category-educacion"],"_links":{"self":[{"href":"https:\/\/www.almargenweb.com.ar\/web\/wp-json\/wp\/v2\/posts\/38970","targetHints":{"allow":["GET"]}}],"collection":[{"href":"https:\/\/www.almargenweb.com.ar\/web\/wp-json\/wp\/v2\/posts"}],"about":[{"href":"https:\/\/www.almargenweb.com.ar\/web\/wp-json\/wp\/v2\/types\/post"}],"author":[{"embeddable":true,"href":"https:\/\/www.almargenweb.com.ar\/web\/wp-json\/wp\/v2\/users\/16"}],"replies":[{"embeddable":true,"href":"https:\/\/www.almargenweb.com.ar\/web\/wp-json\/wp\/v2\/comments?post=38970"}],"version-history":[{"count":1,"href":"https:\/\/www.almargenweb.com.ar\/web\/wp-json\/wp\/v2\/posts\/38970\/revisions"}],"predecessor-version":[{"id":38974,"href":"https:\/\/www.almargenweb.com.ar\/web\/wp-json\/wp\/v2\/posts\/38970\/revisions\/38974"}],"wp:featuredmedia":[{"embeddable":true,"href":"https:\/\/www.almargenweb.com.ar\/web\/wp-json\/wp\/v2\/media\/38973"}],"wp:attachment":[{"href":"https:\/\/www.almargenweb.com.ar\/web\/wp-json\/wp\/v2\/media?parent=38970"}],"wp:term":[{"taxonomy":"category","embeddable":true,"href":"https:\/\/www.almargenweb.com.ar\/web\/wp-json\/wp\/v2\/categories?post=38970"},{"taxonomy":"post_tag","embeddable":true,"href":"https:\/\/www.almargenweb.com.ar\/web\/wp-json\/wp\/v2\/tags?post=38970"}],"curies":[{"name":"wp","href":"https:\/\/api.w.org\/{rel}","templated":true}]}}