{"id":38960,"date":"2023-03-02T12:55:51","date_gmt":"2023-03-02T15:55:51","guid":{"rendered":"http:\/\/www.almargenweb.com.ar\/web\/?p=38960"},"modified":"2023-03-02T12:55:51","modified_gmt":"2023-03-02T15:55:51","slug":"posible-sabotaje-mas-de-52-mil-usuarios-siguen-sin-luz","status":"publish","type":"post","link":"https:\/\/www.almargenweb.com.ar\/web\/posible-sabotaje-mas-de-52-mil-usuarios-siguen-sin-luz\/","title":{"rendered":"Posible sabotaje: m\u00e1s de 52 mil usuarios siguen sin luz"},"content":{"rendered":"\n<p>Gran parte del \u00e1rea metropolitana de Buenos Aires (AMBA) qued\u00f3 sin luz, luego de que saliera de funcionamiento la central nuclear de Atucha I. <\/p>\n\n\n\n<p>La segunda central nuclear, Atucha II, en tanto, est\u00e1 fuera de servicio desde el a\u00f1o pasado por tareas de mantenimiento. Fuentes oficiales confirmaron la ca\u00edda del servicio.<\/p>\n\n\n\n<p>El fuego sac\u00f3 de circulaci\u00f3n buena parte de la energ\u00eda el\u00e9ctrica del tendido nacional, pero, una vez resuelto el hecho, se encendieron las sospechas porque hay elementos para creer que pudo haber sido un sabotaje, aunque aclaran que deber\u00e1 determinarlo la investigaci\u00f3n judicial.<\/p>\n\n\n\n<p>Desde ayer, el servicio el\u00e9ctrico ya se hab\u00eda normalizado en la mayor\u00eda de las provincias. En general, cada distrito pudo reestablecer el suministro a las pocas horas de iniciado el incidente el\u00e9ctrico, entre ellas, C\u00f3rdoba, una de las principales jurisdicciones afectadas en cantidad de usuarios.<\/p>\n<!-- AddThis Advanced Settings generic via filter on the_content --><!-- AddThis Share Buttons generic via filter on the_content -->","protected":false},"excerpt":{"rendered":"<p>Gran parte del \u00e1rea metropolitana de Buenos Aires (AMBA) qued\u00f3 sin luz, luego de que saliera [&hellip;]<!-- AddThis Advanced Settings generic via filter on get_the_excerpt --><!-- AddThis Share Buttons generic via filter on get_the_excerpt --><\/p>\n","protected":false},"author":16,"featured_media":38963,"comment_status":"open","ping_status":"open","sticky":false,"template":"","format":"standard","meta":{"_seopress_robots_primary_cat":"none","_seopress_titles_title":"","_seopress_titles_desc":"","_seopress_robots_index":"","_themeisle_gutenberg_block_has_review":false,"footnotes":""},"categories":[2,164],"tags":[],"class_list":["post-38960","post","type-post","status-publish","format-standard","has-post-thumbnail","hentry","category-actualidad","category-ambiente"],"_links":{"self":[{"href":"https:\/\/www.almargenweb.com.ar\/web\/wp-json\/wp\/v2\/posts\/38960","targetHints":{"allow":["GET"]}}],"collection":[{"href":"https:\/\/www.almargenweb.com.ar\/web\/wp-json\/wp\/v2\/posts"}],"about":[{"href":"https:\/\/www.almargenweb.com.ar\/web\/wp-json\/wp\/v2\/types\/post"}],"author":[{"embeddable":true,"href":"https:\/\/www.almargenweb.com.ar\/web\/wp-json\/wp\/v2\/users\/16"}],"replies":[{"embeddable":true,"href":"https:\/\/www.almargenweb.com.ar\/web\/wp-json\/wp\/v2\/comments?post=38960"}],"version-history":[{"count":1,"href":"https:\/\/www.almargenweb.com.ar\/web\/wp-json\/wp\/v2\/posts\/38960\/revisions"}],"predecessor-version":[{"id":38964,"href":"https:\/\/www.almargenweb.com.ar\/web\/wp-json\/wp\/v2\/posts\/38960\/revisions\/38964"}],"wp:featuredmedia":[{"embeddable":true,"href":"https:\/\/www.almargenweb.com.ar\/web\/wp-json\/wp\/v2\/media\/38963"}],"wp:attachment":[{"href":"https:\/\/www.almargenweb.com.ar\/web\/wp-json\/wp\/v2\/media?parent=38960"}],"wp:term":[{"taxonomy":"category","embeddable":true,"href":"https:\/\/www.almargenweb.com.ar\/web\/wp-json\/wp\/v2\/categories?post=38960"},{"taxonomy":"post_tag","embeddable":true,"href":"https:\/\/www.almargenweb.com.ar\/web\/wp-json\/wp\/v2\/tags?post=38960"}],"curies":[{"name":"wp","href":"https:\/\/api.w.org\/{rel}","templated":true}]}}