{"id":38950,"date":"2023-03-02T11:58:31","date_gmt":"2023-03-02T14:58:31","guid":{"rendered":"http:\/\/www.almargenweb.com.ar\/web\/?p=38950"},"modified":"2023-03-02T11:58:32","modified_gmt":"2023-03-02T14:58:32","slug":"gripe-aviar-ya-son-26-las-detecciones-de-la-enfermedad-en-total-hasta-el-momento-en-todo-el-pais","status":"publish","type":"post","link":"https:\/\/www.almargenweb.com.ar\/web\/gripe-aviar-ya-son-26-las-detecciones-de-la-enfermedad-en-total-hasta-el-momento-en-todo-el-pais\/","title":{"rendered":"Gripe aviar: ya son 26 las detecciones de la enfermedad en total hasta el momento en todo el pa\u00eds"},"content":{"rendered":"\n<p>El Servicio Nacional de Sanidad y Calidad Agroalimentaria (Senasa) confirm\u00f3 este mi\u00e9rcoles otro caso positivo de influenza aviar (IA) H5 en aves de traspatio en la provincia de Buenos Aires, con lo que suman 26 las detecciones de la enfermedad en total hasta el momento en todo el pais.<\/p>\n\n\n\n<p><br>De las nueve muestras analizadas en el d\u00eda de hoy por el Laboratorio Nacional del Senasa, ocho tuvieron diagn\u00f3stico negativo y uno result\u00f3 positivo a IA H5 en aves de traspatio de un establecimiento ubicado en la localidad bonaerense de Rauch.<\/p>\n\n\n\n<p>De las 186 notificaciones analizadas por el Laboratorio del Senasa, a la fecha suman 26 los casos confirmados en aves silvestres (3), de traspatio (22) y sector comercial (1) distribuidos de la siguiente manera: en C\u00f3rdoba (13), Buenos Aires (4), R\u00edo Negro (2), Santa Fe (2), Jujuy (1), Neuqu\u00e9n (1), San Luis (1) y Salta (1).<\/p>\n\n\n\n<p>En las zonas del pa\u00eds donde no se ha detectado la presencia de IA, el Senasa mantiene medidas de prevenci\u00f3n y vigilancia permanentes, entre ellas se refuerzan los controles en los pasos fronterizos con Brasil, Bolivia, Paraguay y Uruguay, en las provincias de Entre R\u00edos , Chaco, Formosa, Corrientes, Misiones, Jujuy y Salta.<\/p>\n<!-- AddThis Advanced Settings generic via filter on the_content --><!-- AddThis Share Buttons generic via filter on the_content -->","protected":false},"excerpt":{"rendered":"<p>El Servicio Nacional de Sanidad y Calidad Agroalimentaria (Senasa) confirm\u00f3 este mi\u00e9rcoles otro caso positivo de [&hellip;]<!-- AddThis Advanced Settings generic via filter on get_the_excerpt --><!-- AddThis Share Buttons generic via filter on get_the_excerpt --><\/p>\n","protected":false},"author":16,"featured_media":38953,"comment_status":"open","ping_status":"open","sticky":false,"template":"","format":"standard","meta":{"_seopress_robots_primary_cat":"none","_seopress_titles_title":"","_seopress_titles_desc":"","_seopress_robots_index":"","_themeisle_gutenberg_block_has_review":false,"footnotes":""},"categories":[2,164,5,15],"tags":[],"class_list":["post-38950","post","type-post","status-publish","format-standard","has-post-thumbnail","hentry","category-actualidad","category-ambiente","category-economia","category-salud"],"_links":{"self":[{"href":"https:\/\/www.almargenweb.com.ar\/web\/wp-json\/wp\/v2\/posts\/38950","targetHints":{"allow":["GET"]}}],"collection":[{"href":"https:\/\/www.almargenweb.com.ar\/web\/wp-json\/wp\/v2\/posts"}],"about":[{"href":"https:\/\/www.almargenweb.com.ar\/web\/wp-json\/wp\/v2\/types\/post"}],"author":[{"embeddable":true,"href":"https:\/\/www.almargenweb.com.ar\/web\/wp-json\/wp\/v2\/users\/16"}],"replies":[{"embeddable":true,"href":"https:\/\/www.almargenweb.com.ar\/web\/wp-json\/wp\/v2\/comments?post=38950"}],"version-history":[{"count":1,"href":"https:\/\/www.almargenweb.com.ar\/web\/wp-json\/wp\/v2\/posts\/38950\/revisions"}],"predecessor-version":[{"id":38954,"href":"https:\/\/www.almargenweb.com.ar\/web\/wp-json\/wp\/v2\/posts\/38950\/revisions\/38954"}],"wp:featuredmedia":[{"embeddable":true,"href":"https:\/\/www.almargenweb.com.ar\/web\/wp-json\/wp\/v2\/media\/38953"}],"wp:attachment":[{"href":"https:\/\/www.almargenweb.com.ar\/web\/wp-json\/wp\/v2\/media?parent=38950"}],"wp:term":[{"taxonomy":"category","embeddable":true,"href":"https:\/\/www.almargenweb.com.ar\/web\/wp-json\/wp\/v2\/categories?post=38950"},{"taxonomy":"post_tag","embeddable":true,"href":"https:\/\/www.almargenweb.com.ar\/web\/wp-json\/wp\/v2\/tags?post=38950"}],"curies":[{"name":"wp","href":"https:\/\/api.w.org\/{rel}","templated":true}]}}