{"id":38934,"date":"2023-02-28T11:53:50","date_gmt":"2023-02-28T14:53:50","guid":{"rendered":"http:\/\/www.almargenweb.com.ar\/web\/?p=38934"},"modified":"2023-02-28T11:53:51","modified_gmt":"2023-02-28T14:53:51","slug":"a-partir-de-hoy-no-se-aceptan-mas-recetas-con-fotos-a-traves-de-whatsapp-o-mail","status":"publish","type":"post","link":"https:\/\/www.almargenweb.com.ar\/web\/a-partir-de-hoy-no-se-aceptan-mas-recetas-con-fotos-a-traves-de-whatsapp-o-mail\/","title":{"rendered":"A partir de hoy no se aceptan m\u00e1s recetas con fotos a trav\u00e9s de WhatsApp o mail"},"content":{"rendered":"\n<p>Desde el Colegio de Farmac\u00e9uticos de Santa Fe explicaron que se utilizar\u00e1 un nuevo sistema que s\u00f3lo necesitar\u00e1 la credencial de la obra social.<\/p>\n\n\n\n<p>El Ministerio de Salud confirm\u00f3 que la reglamentaci\u00f3n impuesta en la pandemia de recetas digitales enviadas por mail o WhatsApp a las farmacias deja de estar vigente a partir de hoy. <\/p>\n\n\n\n<p>Ahora las personas deber\u00e1n volver a la vieja rutina de llevar solamente receta f\u00edsica en papel con el sello del profesional de salud matriculado, o utiulizar un nuevo formato digital.<\/p>\n\n\n\n<p><\/p>\n<!-- AddThis Advanced Settings generic via filter on the_content --><!-- AddThis Share Buttons generic via filter on the_content -->","protected":false},"excerpt":{"rendered":"<p>Desde el Colegio de Farmac\u00e9uticos de Santa Fe explicaron que se utilizar\u00e1 un nuevo sistema que [&hellip;]<!-- AddThis Advanced Settings generic via filter on get_the_excerpt --><!-- AddThis Share Buttons generic via filter on get_the_excerpt --><\/p>\n","protected":false},"author":16,"featured_media":38937,"comment_status":"open","ping_status":"open","sticky":false,"template":"","format":"standard","meta":{"_seopress_robots_primary_cat":"none","_seopress_titles_title":"","_seopress_titles_desc":"","_seopress_robots_index":"","_themeisle_gutenberg_block_has_review":false,"footnotes":""},"categories":[2,15],"tags":[],"class_list":["post-38934","post","type-post","status-publish","format-standard","has-post-thumbnail","hentry","category-actualidad","category-salud"],"_links":{"self":[{"href":"https:\/\/www.almargenweb.com.ar\/web\/wp-json\/wp\/v2\/posts\/38934","targetHints":{"allow":["GET"]}}],"collection":[{"href":"https:\/\/www.almargenweb.com.ar\/web\/wp-json\/wp\/v2\/posts"}],"about":[{"href":"https:\/\/www.almargenweb.com.ar\/web\/wp-json\/wp\/v2\/types\/post"}],"author":[{"embeddable":true,"href":"https:\/\/www.almargenweb.com.ar\/web\/wp-json\/wp\/v2\/users\/16"}],"replies":[{"embeddable":true,"href":"https:\/\/www.almargenweb.com.ar\/web\/wp-json\/wp\/v2\/comments?post=38934"}],"version-history":[{"count":1,"href":"https:\/\/www.almargenweb.com.ar\/web\/wp-json\/wp\/v2\/posts\/38934\/revisions"}],"predecessor-version":[{"id":38938,"href":"https:\/\/www.almargenweb.com.ar\/web\/wp-json\/wp\/v2\/posts\/38934\/revisions\/38938"}],"wp:featuredmedia":[{"embeddable":true,"href":"https:\/\/www.almargenweb.com.ar\/web\/wp-json\/wp\/v2\/media\/38937"}],"wp:attachment":[{"href":"https:\/\/www.almargenweb.com.ar\/web\/wp-json\/wp\/v2\/media?parent=38934"}],"wp:term":[{"taxonomy":"category","embeddable":true,"href":"https:\/\/www.almargenweb.com.ar\/web\/wp-json\/wp\/v2\/categories?post=38934"},{"taxonomy":"post_tag","embeddable":true,"href":"https:\/\/www.almargenweb.com.ar\/web\/wp-json\/wp\/v2\/tags?post=38934"}],"curies":[{"name":"wp","href":"https:\/\/api.w.org\/{rel}","templated":true}]}}