{"id":38889,"date":"2023-02-22T13:00:06","date_gmt":"2023-02-22T16:00:06","guid":{"rendered":"http:\/\/www.almargenweb.com.ar\/web\/?p=38889"},"modified":"2023-02-22T13:00:07","modified_gmt":"2023-02-22T16:00:07","slug":"piden-voluntarios-para-probar-la-primera-vacuna-argentina-contra-el-covid","status":"publish","type":"post","link":"https:\/\/www.almargenweb.com.ar\/web\/piden-voluntarios-para-probar-la-primera-vacuna-argentina-contra-el-covid\/","title":{"rendered":"Piden voluntarios para probar la primera vacuna argentina contra el covid"},"content":{"rendered":"\n<p>Argentina, se encuentra avanzando con la producci\u00f3n nacional de este tipo de vacunas contra el Covid-19, al mismo tiempo en que comenz\u00f3 con la distribuci\u00f3n de m\u00e1s de 1 mill\u00f3n de vacunas Pfizer y 900 mil dosis de Moderna.<\/p>\n\n\n\n<p>La vacuna \u201cARVAC Cecilia Grierson\u201d, desarrollada por la UNSAM, el CONICET y el Laboratorio Cassar\u00e1, entr\u00f3 en las Fases II y III de pruebas cl\u00ednicas en personas, por lo que desde el Ministerio de Salud comenzaron a convocar a voluntarios para testearla.<\/p>\n\n\n\n<p>Las vacunas bivalentes contra el Covid-19 son aquellas que protegen al cuerpo contra dos tipos de ant\u00edgenos, se trata de una versi\u00f3n mejorada que permite una protecci\u00f3n m\u00e1s amplia.<\/p>\n<!-- AddThis Advanced Settings generic via filter on the_content --><!-- AddThis Share Buttons generic via filter on the_content -->","protected":false},"excerpt":{"rendered":"<p>Argentina, se encuentra avanzando con la producci\u00f3n nacional de este tipo de vacunas contra el Covid-19, [&hellip;]<!-- AddThis Advanced Settings generic via filter on get_the_excerpt --><!-- AddThis Share Buttons generic via filter on get_the_excerpt --><\/p>\n","protected":false},"author":16,"featured_media":38892,"comment_status":"open","ping_status":"open","sticky":false,"template":"","format":"standard","meta":{"_seopress_robots_primary_cat":"none","_seopress_titles_title":"","_seopress_titles_desc":"","_seopress_robots_index":"","_themeisle_gutenberg_block_has_review":false,"footnotes":""},"categories":[2,164,140,15],"tags":[],"class_list":["post-38889","post","type-post","status-publish","format-standard","has-post-thumbnail","hentry","category-actualidad","category-ambiente","category-nacionales","category-salud"],"_links":{"self":[{"href":"https:\/\/www.almargenweb.com.ar\/web\/wp-json\/wp\/v2\/posts\/38889","targetHints":{"allow":["GET"]}}],"collection":[{"href":"https:\/\/www.almargenweb.com.ar\/web\/wp-json\/wp\/v2\/posts"}],"about":[{"href":"https:\/\/www.almargenweb.com.ar\/web\/wp-json\/wp\/v2\/types\/post"}],"author":[{"embeddable":true,"href":"https:\/\/www.almargenweb.com.ar\/web\/wp-json\/wp\/v2\/users\/16"}],"replies":[{"embeddable":true,"href":"https:\/\/www.almargenweb.com.ar\/web\/wp-json\/wp\/v2\/comments?post=38889"}],"version-history":[{"count":1,"href":"https:\/\/www.almargenweb.com.ar\/web\/wp-json\/wp\/v2\/posts\/38889\/revisions"}],"predecessor-version":[{"id":38893,"href":"https:\/\/www.almargenweb.com.ar\/web\/wp-json\/wp\/v2\/posts\/38889\/revisions\/38893"}],"wp:featuredmedia":[{"embeddable":true,"href":"https:\/\/www.almargenweb.com.ar\/web\/wp-json\/wp\/v2\/media\/38892"}],"wp:attachment":[{"href":"https:\/\/www.almargenweb.com.ar\/web\/wp-json\/wp\/v2\/media?parent=38889"}],"wp:term":[{"taxonomy":"category","embeddable":true,"href":"https:\/\/www.almargenweb.com.ar\/web\/wp-json\/wp\/v2\/categories?post=38889"},{"taxonomy":"post_tag","embeddable":true,"href":"https:\/\/www.almargenweb.com.ar\/web\/wp-json\/wp\/v2\/tags?post=38889"}],"curies":[{"name":"wp","href":"https:\/\/api.w.org\/{rel}","templated":true}]}}