{"id":38884,"date":"2023-02-22T12:39:16","date_gmt":"2023-02-22T15:39:16","guid":{"rendered":"http:\/\/www.almargenweb.com.ar\/web\/?p=38884"},"modified":"2023-02-22T12:39:17","modified_gmt":"2023-02-22T15:39:17","slug":"los-bancarios-ratifican-el-paro-total-de-este-jueves-en-todo-el-pais","status":"publish","type":"post","link":"https:\/\/www.almargenweb.com.ar\/web\/los-bancarios-ratifican-el-paro-total-de-este-jueves-en-todo-el-pais\/","title":{"rendered":"Los bancarios ratifican el paro total de este jueves en todo el pa\u00eds"},"content":{"rendered":"\n<p>Tras el fracaso de la reuni\u00f3n paritaria con las entidades bancarias en dependencias del Ministerio de Trabajo, la Asociaci\u00f3n Bancaria (AB) que encabeza Sergio Palazzo, ratific\u00f3 un paro nacional de 24 horas para este jueves.<\/p>\n\n\n\n<p> El Secretario General de AB anticip\u00f3 que si el sector empresario no hace caso al reclamo, el gremio se reunir\u00e1 \u00abpara intensificar las medidas\u00bb.<\/p>\n\n\n\n<p>Por estas horas, se transformo en la negociaci\u00f3n m\u00e1s trascendente de la ronda salarial 2023. No s\u00f3lo por ser de las primeras del a\u00f1o y por convertirse en la obvia primera referencia para el resto.<\/p>\n\n\n\n<p>El nudo de la discusi\u00f3n con las entidades financieras reside en el impacto del impuesto a las ganancias sobre los haberes.<\/p>\n<!-- AddThis Advanced Settings generic via filter on the_content --><!-- AddThis Share Buttons generic via filter on the_content -->","protected":false},"excerpt":{"rendered":"<p>Tras el fracaso de la reuni\u00f3n paritaria con las entidades bancarias en dependencias del Ministerio de [&hellip;]<!-- AddThis Advanced Settings generic via filter on get_the_excerpt --><!-- AddThis Share Buttons generic via filter on get_the_excerpt --><\/p>\n","protected":false},"author":16,"featured_media":38887,"comment_status":"open","ping_status":"open","sticky":false,"template":"","format":"standard","meta":{"_seopress_robots_primary_cat":"none","_seopress_titles_title":"","_seopress_titles_desc":"","_seopress_robots_index":"","_themeisle_gutenberg_block_has_review":false,"footnotes":""},"categories":[2,164,5],"tags":[],"class_list":["post-38884","post","type-post","status-publish","format-standard","has-post-thumbnail","hentry","category-actualidad","category-ambiente","category-economia"],"_links":{"self":[{"href":"https:\/\/www.almargenweb.com.ar\/web\/wp-json\/wp\/v2\/posts\/38884","targetHints":{"allow":["GET"]}}],"collection":[{"href":"https:\/\/www.almargenweb.com.ar\/web\/wp-json\/wp\/v2\/posts"}],"about":[{"href":"https:\/\/www.almargenweb.com.ar\/web\/wp-json\/wp\/v2\/types\/post"}],"author":[{"embeddable":true,"href":"https:\/\/www.almargenweb.com.ar\/web\/wp-json\/wp\/v2\/users\/16"}],"replies":[{"embeddable":true,"href":"https:\/\/www.almargenweb.com.ar\/web\/wp-json\/wp\/v2\/comments?post=38884"}],"version-history":[{"count":1,"href":"https:\/\/www.almargenweb.com.ar\/web\/wp-json\/wp\/v2\/posts\/38884\/revisions"}],"predecessor-version":[{"id":38888,"href":"https:\/\/www.almargenweb.com.ar\/web\/wp-json\/wp\/v2\/posts\/38884\/revisions\/38888"}],"wp:featuredmedia":[{"embeddable":true,"href":"https:\/\/www.almargenweb.com.ar\/web\/wp-json\/wp\/v2\/media\/38887"}],"wp:attachment":[{"href":"https:\/\/www.almargenweb.com.ar\/web\/wp-json\/wp\/v2\/media?parent=38884"}],"wp:term":[{"taxonomy":"category","embeddable":true,"href":"https:\/\/www.almargenweb.com.ar\/web\/wp-json\/wp\/v2\/categories?post=38884"},{"taxonomy":"post_tag","embeddable":true,"href":"https:\/\/www.almargenweb.com.ar\/web\/wp-json\/wp\/v2\/tags?post=38884"}],"curies":[{"name":"wp","href":"https:\/\/api.w.org\/{rel}","templated":true}]}}