{"id":38868,"date":"2023-02-15T08:50:02","date_gmt":"2023-02-15T11:50:02","guid":{"rendered":"http:\/\/www.almargenweb.com.ar\/web\/?p=38868"},"modified":"2023-02-15T08:50:04","modified_gmt":"2023-02-15T11:50:04","slug":"riesgo-para-la-vida-recomiendan-no-consumir-sabalos-del-rio-salado","status":"publish","type":"post","link":"https:\/\/www.almargenweb.com.ar\/web\/riesgo-para-la-vida-recomiendan-no-consumir-sabalos-del-rio-salado\/","title":{"rendered":"Riesgo para la vida: recomiendan no consumir s\u00e1balos del r\u00edo Salado"},"content":{"rendered":"\n<p>El Centro de Protecci\u00f3n a la Naturaleza (Cepronat) emiti\u00f3 un comunicado en el que recomienda no consumir carne de s\u00e1balos debido a la alta concentraci\u00f3n de qu\u00edmicos utilizados en sembrad\u00edos aleda\u00f1os al curso de agua.<\/p>\n\n\n\n<p>\u201cInformamos a la poblaci\u00f3n en general, que, a partir de un estudio cient\u00edfico realizado por investigadores de la Universidad Nacional del Litoral y el Conicet, los s\u00e1balos del tramo inferior del r\u00edo Salado no est\u00e1n en condiciones de ser consumidos debido a los alt\u00edsimos niveles de agrot\u00f3xicos en sus cuerpos\u201d, se destaca en el escrito.<\/p>\n\n\n\n<p>En todas las muestras se encontraron niveles r\u00e9cord de glifosato, glufosinato de amonio y otros agrot\u00f3xicos y sus metabolitos. <\/p>\n\n\n\n<p>Dichos agrot\u00f3xicos constituyen niveles de contaminaci\u00f3n subletal en los s\u00e1balos, pero, por el fen\u00f3meno de bioacumulaci\u00f3n, se convierten en un peligro para la salud p\u00fablica y para la disponibilidad de alimentos para la poblaci\u00f3n.<\/p>\n\n\n\n<p>La gran cantidad de venenos que se utilizan en la agricultura desde hace muchos a\u00f1os, y que no desaparecen por arte de magia, nos est\u00e1 diciendo que adonde los vayamos a buscar, los vamos a encontrar. <\/p>\n\n\n\n<p>Ahora en el s\u00e1balo, as\u00ed como en nuestras hortalizas y frutas, en el algod\u00f3n, en el r\u00edo Paran\u00e1 y los cursos de agua o humedales y en el aire.<\/p>\n\n\n\n<p><\/p>\n<!-- AddThis Advanced Settings generic via filter on the_content --><!-- AddThis Share Buttons generic via filter on the_content -->","protected":false},"excerpt":{"rendered":"<p>El Centro de Protecci\u00f3n a la Naturaleza (Cepronat) emiti\u00f3 un comunicado en el que recomienda no [&hellip;]<!-- AddThis Advanced Settings generic via filter on get_the_excerpt --><!-- AddThis Share Buttons generic via filter on get_the_excerpt --><\/p>\n","protected":false},"author":16,"featured_media":38871,"comment_status":"open","ping_status":"open","sticky":false,"template":"","format":"standard","meta":{"_seopress_robots_primary_cat":"none","_seopress_titles_title":"","_seopress_titles_desc":"","_seopress_robots_index":"","_themeisle_gutenberg_block_has_review":false,"footnotes":""},"categories":[2,164,20,29,15],"tags":[],"class_list":["post-38868","post","type-post","status-publish","format-standard","has-post-thumbnail","hentry","category-actualidad","category-ambiente","category-departamentales","category-regionales","category-salud"],"_links":{"self":[{"href":"https:\/\/www.almargenweb.com.ar\/web\/wp-json\/wp\/v2\/posts\/38868","targetHints":{"allow":["GET"]}}],"collection":[{"href":"https:\/\/www.almargenweb.com.ar\/web\/wp-json\/wp\/v2\/posts"}],"about":[{"href":"https:\/\/www.almargenweb.com.ar\/web\/wp-json\/wp\/v2\/types\/post"}],"author":[{"embeddable":true,"href":"https:\/\/www.almargenweb.com.ar\/web\/wp-json\/wp\/v2\/users\/16"}],"replies":[{"embeddable":true,"href":"https:\/\/www.almargenweb.com.ar\/web\/wp-json\/wp\/v2\/comments?post=38868"}],"version-history":[{"count":1,"href":"https:\/\/www.almargenweb.com.ar\/web\/wp-json\/wp\/v2\/posts\/38868\/revisions"}],"predecessor-version":[{"id":38872,"href":"https:\/\/www.almargenweb.com.ar\/web\/wp-json\/wp\/v2\/posts\/38868\/revisions\/38872"}],"wp:featuredmedia":[{"embeddable":true,"href":"https:\/\/www.almargenweb.com.ar\/web\/wp-json\/wp\/v2\/media\/38871"}],"wp:attachment":[{"href":"https:\/\/www.almargenweb.com.ar\/web\/wp-json\/wp\/v2\/media?parent=38868"}],"wp:term":[{"taxonomy":"category","embeddable":true,"href":"https:\/\/www.almargenweb.com.ar\/web\/wp-json\/wp\/v2\/categories?post=38868"},{"taxonomy":"post_tag","embeddable":true,"href":"https:\/\/www.almargenweb.com.ar\/web\/wp-json\/wp\/v2\/tags?post=38868"}],"curies":[{"name":"wp","href":"https:\/\/api.w.org\/{rel}","templated":true}]}}