{"id":38848,"date":"2023-02-10T10:40:10","date_gmt":"2023-02-10T13:40:10","guid":{"rendered":"http:\/\/www.almargenweb.com.ar\/web\/?p=38848"},"modified":"2023-02-10T10:40:11","modified_gmt":"2023-02-10T13:40:11","slug":"preocupan-los-niveles-de-agroquimicos-en-sabalos-encuentran-hasta-nueve-tipos-diferentes-en-peces-del-salado","status":"publish","type":"post","link":"https:\/\/www.almargenweb.com.ar\/web\/preocupan-los-niveles-de-agroquimicos-en-sabalos-encuentran-hasta-nueve-tipos-diferentes-en-peces-del-salado\/","title":{"rendered":"Preocupan los niveles de agroqu\u00edmicos en s\u00e1balos: encuentran hasta nueve tipos diferentes en peces del Salado"},"content":{"rendered":"\n<p>Un estudio realizado por cient\u00edficos de la Universidad Nacional del Litoral (UNL) demostr\u00f3 que los peces del tramo inferior del r\u00edo Salado -desde San Justo hasta la desembocadura en Santa Fe- est\u00e1n contaminados por un c\u00f3ctel de nueve biocidas.<\/p>\n\n\n\n<p>Estos se encontraron con \u00edndices r\u00e9cord a nivel mundial para organismos acu\u00e1ticos. En algunos casos, los valores hallados en los ejemplares de s\u00e1balos, superan largamente el m\u00e1ximo de las ingestas diarias admisibles (IDA) para los humanos.<\/p>\n\n\n\n<p>La alta concentraci\u00f3n de plaguicidas hallados significa un riesgo potencial por tratarse de un pez comercial de agua dulce que se consume localmente y se exporta a otros pa\u00edses para consumo humano.<\/p>\n\n\n\n<p>La investigaci\u00f3n toma como lugar de referencia el curso bajo de la cuenca del r\u00edo Salado, afluente del r\u00edo Paran\u00e1.<\/p>\n\n\n\n<p>Como se sabe, atraviesa regiones con diferentes usos del suelo y recibe altos efluentes de desechos agr\u00edcolas, industriales y dom\u00e9sticos, con la agricultura industrial como principal actividad antr\u00f3pica, o sea realizada por el ser humano.<\/p>\n\n\n\n<p>La investigaci\u00f3n afirma que \u201cen todos los sitios estudiados se detectaron pesticidas en muestras de sedimentos. Las concentraciones detectadas de glifosato y AMPA indican una tendencia de gradiente de contaminaci\u00f3n norte-sur, que es la direcci\u00f3n del curso de este r\u00edo\u201d.<\/p>\n\n\n\n<p>Estos resultados \u2013seg\u00fan explican los expertos en su trabajo\u2013 indican que los peces \u201cbioacumulan m\u00faltiples residuos de plaguicidas en sus tejidos y en todo el cuerpo.<\/p>\n\n\n\n<p>Cuando el s\u00e1balo es consumido por otros vertebrados acu\u00e1ticos, incluso como por humanos, se produce un efecto conocido como &#8220;biomagnificaci\u00f3n&#8221; .<\/p>\n\n\n\n<p>Esto es la bioacumulaci\u00f3n de los residuos de plaguicidas en el agua, los sedimentos, los peces y otros organismos acu\u00e1ticos de la cadena alimentaria, siendo potencialmente nocivo para el consumo.<\/p>\n\n\n\n<p>El documento especifica que los ejemplares se compraron a pescadores locales ubicados en los mismos cinco sitios de muestreo donde se recolectaron los sedimentos y destaca que \u201cestos peces estaban a la venta para el consumo humano\u201d.<\/p>\n<!-- AddThis Advanced Settings generic via filter on the_content --><!-- AddThis Share Buttons generic via filter on the_content -->","protected":false},"excerpt":{"rendered":"<p>Un estudio realizado por cient\u00edficos de la Universidad Nacional del Litoral (UNL) demostr\u00f3 que los peces [&hellip;]<!-- AddThis Advanced Settings generic via filter on get_the_excerpt --><!-- AddThis Share Buttons generic via filter on get_the_excerpt --><\/p>\n","protected":false},"author":16,"featured_media":38851,"comment_status":"open","ping_status":"open","sticky":false,"template":"","format":"standard","meta":{"_seopress_robots_primary_cat":"none","_seopress_titles_title":"","_seopress_titles_desc":"","_seopress_robots_index":"","_themeisle_gutenberg_block_has_review":false,"footnotes":""},"categories":[2,164],"tags":[],"class_list":["post-38848","post","type-post","status-publish","format-standard","has-post-thumbnail","hentry","category-actualidad","category-ambiente"],"_links":{"self":[{"href":"https:\/\/www.almargenweb.com.ar\/web\/wp-json\/wp\/v2\/posts\/38848","targetHints":{"allow":["GET"]}}],"collection":[{"href":"https:\/\/www.almargenweb.com.ar\/web\/wp-json\/wp\/v2\/posts"}],"about":[{"href":"https:\/\/www.almargenweb.com.ar\/web\/wp-json\/wp\/v2\/types\/post"}],"author":[{"embeddable":true,"href":"https:\/\/www.almargenweb.com.ar\/web\/wp-json\/wp\/v2\/users\/16"}],"replies":[{"embeddable":true,"href":"https:\/\/www.almargenweb.com.ar\/web\/wp-json\/wp\/v2\/comments?post=38848"}],"version-history":[{"count":1,"href":"https:\/\/www.almargenweb.com.ar\/web\/wp-json\/wp\/v2\/posts\/38848\/revisions"}],"predecessor-version":[{"id":38852,"href":"https:\/\/www.almargenweb.com.ar\/web\/wp-json\/wp\/v2\/posts\/38848\/revisions\/38852"}],"wp:featuredmedia":[{"embeddable":true,"href":"https:\/\/www.almargenweb.com.ar\/web\/wp-json\/wp\/v2\/media\/38851"}],"wp:attachment":[{"href":"https:\/\/www.almargenweb.com.ar\/web\/wp-json\/wp\/v2\/media?parent=38848"}],"wp:term":[{"taxonomy":"category","embeddable":true,"href":"https:\/\/www.almargenweb.com.ar\/web\/wp-json\/wp\/v2\/categories?post=38848"},{"taxonomy":"post_tag","embeddable":true,"href":"https:\/\/www.almargenweb.com.ar\/web\/wp-json\/wp\/v2\/tags?post=38848"}],"curies":[{"name":"wp","href":"https:\/\/api.w.org\/{rel}","templated":true}]}}