{"id":38815,"date":"2023-02-06T08:28:25","date_gmt":"2023-02-06T11:28:25","guid":{"rendered":"http:\/\/www.almargenweb.com.ar\/web\/?p=38815"},"modified":"2023-02-06T08:28:25","modified_gmt":"2023-02-06T11:28:25","slug":"los-productos-de-la-canasta-escolar-cuestan-80-mas-que-en-2022","status":"publish","type":"post","link":"https:\/\/www.almargenweb.com.ar\/web\/los-productos-de-la-canasta-escolar-cuestan-80-mas-que-en-2022\/","title":{"rendered":"Los productos de la canasta escolar cuestan 80% m\u00e1s que en 2022"},"content":{"rendered":"\n<p>De cara al regreso a clases y el inicio del ciclo lectivo 2023, febrero es el mes por preferencia elegido por los padres para realizar la compra de la canasta escolar. Con un aumento del 80 por ciento &#8220;como base&#8221; en promedio, las listas de las escuelas con los \u00fatiles escolares arrancan en los 7 mil pesos.<\/p>\n\n\n\n<p>La canasta escolar para las clases de este a\u00f1o viene con un aumento del 80 por ciento en comparaci\u00f3n con el a\u00f1o anterior.<\/p>\n\n\n\n<p>El inicio del ciclo lectivo 2023 est\u00e1 programado para para los primeros d\u00edas de marzo en la provincia de Santa Fe y, tal y como ocurre con todo tipo de productos, los \u00fatiles escolares aumentaron fuertemente sus precios en relaci\u00f3n con el a\u00f1o pasado.<\/p>\n\n\n\n<p> Seg\u00fan afirmaron desde el sector los incrementos marcan un promedio del 80% para productos nacionales, por debajo de la inflaci\u00f3n de 2022.<\/p>\n\n\n\n<p>Segun un relevamiento del centro de comercio, el precio de las listas de las canastas escolares oscila, por ejemplo, con una salita de jard\u00edn entre los 7 mil y 15 mil pesos. Listas de escuelas primarias entre los 15 mil y los 20 mil<\/p>\n<!-- AddThis Advanced Settings generic via filter on the_content --><!-- AddThis Share Buttons generic via filter on the_content -->","protected":false},"excerpt":{"rendered":"<p>De cara al regreso a clases y el inicio del ciclo lectivo 2023, febrero es el [&hellip;]<!-- AddThis Advanced Settings generic via filter on get_the_excerpt --><!-- AddThis Share Buttons generic via filter on get_the_excerpt --><\/p>\n","protected":false},"author":16,"featured_media":38818,"comment_status":"open","ping_status":"open","sticky":false,"template":"","format":"standard","meta":{"_seopress_robots_primary_cat":"none","_seopress_titles_title":"","_seopress_titles_desc":"","_seopress_robots_index":"","_themeisle_gutenberg_block_has_review":false,"footnotes":""},"categories":[2,164,5,19],"tags":[],"class_list":["post-38815","post","type-post","status-publish","format-standard","has-post-thumbnail","hentry","category-actualidad","category-ambiente","category-economia","category-educacion"],"_links":{"self":[{"href":"https:\/\/www.almargenweb.com.ar\/web\/wp-json\/wp\/v2\/posts\/38815","targetHints":{"allow":["GET"]}}],"collection":[{"href":"https:\/\/www.almargenweb.com.ar\/web\/wp-json\/wp\/v2\/posts"}],"about":[{"href":"https:\/\/www.almargenweb.com.ar\/web\/wp-json\/wp\/v2\/types\/post"}],"author":[{"embeddable":true,"href":"https:\/\/www.almargenweb.com.ar\/web\/wp-json\/wp\/v2\/users\/16"}],"replies":[{"embeddable":true,"href":"https:\/\/www.almargenweb.com.ar\/web\/wp-json\/wp\/v2\/comments?post=38815"}],"version-history":[{"count":1,"href":"https:\/\/www.almargenweb.com.ar\/web\/wp-json\/wp\/v2\/posts\/38815\/revisions"}],"predecessor-version":[{"id":38819,"href":"https:\/\/www.almargenweb.com.ar\/web\/wp-json\/wp\/v2\/posts\/38815\/revisions\/38819"}],"wp:featuredmedia":[{"embeddable":true,"href":"https:\/\/www.almargenweb.com.ar\/web\/wp-json\/wp\/v2\/media\/38818"}],"wp:attachment":[{"href":"https:\/\/www.almargenweb.com.ar\/web\/wp-json\/wp\/v2\/media?parent=38815"}],"wp:term":[{"taxonomy":"category","embeddable":true,"href":"https:\/\/www.almargenweb.com.ar\/web\/wp-json\/wp\/v2\/categories?post=38815"},{"taxonomy":"post_tag","embeddable":true,"href":"https:\/\/www.almargenweb.com.ar\/web\/wp-json\/wp\/v2\/tags?post=38815"}],"curies":[{"name":"wp","href":"https:\/\/api.w.org\/{rel}","templated":true}]}}