{"id":38778,"date":"2023-01-31T08:44:15","date_gmt":"2023-01-31T11:44:15","guid":{"rendered":"http:\/\/www.almargenweb.com.ar\/web\/?p=38778"},"modified":"2023-01-31T09:04:38","modified_gmt":"2023-01-31T12:04:38","slug":"aumenta-la-carne-aseguran-que-en-dos-semanas-el-kilo-aumentara-entre-un-35-y-un-40","status":"publish","type":"post","link":"https:\/\/www.almargenweb.com.ar\/web\/aumenta-la-carne-aseguran-que-en-dos-semanas-el-kilo-aumentara-entre-un-35-y-un-40\/","title":{"rendered":"Aumenta la carne: aseguran que en dos semanas el kilo aumentar\u00e1 entre un 35 y un 40%"},"content":{"rendered":"\n<p>Para los pr\u00f3ximos 15 d\u00edas se espera un aumento \u201cimportante y paulatino\u201d en el precio de los distintos cortes de carne vacuna en todo el pa\u00eds.<\/p>\n\n\n\n<p>Desde la C\u00e1mara de Industria y Comercio de Carnes indicaron que ser\u00e1 de entre un 35 y un 40%. Aseguran que se trata de un \u201creacomodamiento\u201d de precios ya que en 2022 s\u00f3lo aument\u00f3 un 44% mientras que la inflaci\u00f3n anual fue del 94.8%.<\/p>\n\n\n\n<p>El martes \u00faltimo el precio de la carne subi\u00f3 entre $40 y $60 por kilo en algunas carnicer\u00edas, y a partir de ma\u00f1ana se estima que se presente un nuevo incremento que, en algunos casos, ser\u00eda de hasta $150, seg\u00fan se\u00f1alaron propietarios y vendedores de estos locales.<\/p>\n\n\n\n<p> Asimismo, se espera que la suba se d\u00e9 en forma escalonada hasta alcanzar el 30%. Paralelamente se registra una baja importante en el consumo de varios cortes de carne vacuna.<\/p>\n<!-- AddThis Advanced Settings generic via filter on the_content --><!-- AddThis Share Buttons generic via filter on the_content -->","protected":false},"excerpt":{"rendered":"<p>Para los pr\u00f3ximos 15 d\u00edas se espera un aumento \u201cimportante y paulatino\u201d en el precio de [&hellip;]<!-- AddThis Advanced Settings generic via filter on get_the_excerpt --><!-- AddThis Share Buttons generic via filter on get_the_excerpt --><\/p>\n","protected":false},"author":16,"featured_media":38781,"comment_status":"open","ping_status":"open","sticky":false,"template":"","format":"standard","meta":{"_seopress_robots_primary_cat":"none","_seopress_titles_title":"","_seopress_titles_desc":"","_seopress_robots_index":"","_themeisle_gutenberg_block_has_review":false,"footnotes":""},"categories":[2,5,140,9],"tags":[],"class_list":["post-38778","post","type-post","status-publish","format-standard","has-post-thumbnail","hentry","category-actualidad","category-economia","category-nacionales","category-politica"],"_links":{"self":[{"href":"https:\/\/www.almargenweb.com.ar\/web\/wp-json\/wp\/v2\/posts\/38778","targetHints":{"allow":["GET"]}}],"collection":[{"href":"https:\/\/www.almargenweb.com.ar\/web\/wp-json\/wp\/v2\/posts"}],"about":[{"href":"https:\/\/www.almargenweb.com.ar\/web\/wp-json\/wp\/v2\/types\/post"}],"author":[{"embeddable":true,"href":"https:\/\/www.almargenweb.com.ar\/web\/wp-json\/wp\/v2\/users\/16"}],"replies":[{"embeddable":true,"href":"https:\/\/www.almargenweb.com.ar\/web\/wp-json\/wp\/v2\/comments?post=38778"}],"version-history":[{"count":2,"href":"https:\/\/www.almargenweb.com.ar\/web\/wp-json\/wp\/v2\/posts\/38778\/revisions"}],"predecessor-version":[{"id":38783,"href":"https:\/\/www.almargenweb.com.ar\/web\/wp-json\/wp\/v2\/posts\/38778\/revisions\/38783"}],"wp:featuredmedia":[{"embeddable":true,"href":"https:\/\/www.almargenweb.com.ar\/web\/wp-json\/wp\/v2\/media\/38781"}],"wp:attachment":[{"href":"https:\/\/www.almargenweb.com.ar\/web\/wp-json\/wp\/v2\/media?parent=38778"}],"wp:term":[{"taxonomy":"category","embeddable":true,"href":"https:\/\/www.almargenweb.com.ar\/web\/wp-json\/wp\/v2\/categories?post=38778"},{"taxonomy":"post_tag","embeddable":true,"href":"https:\/\/www.almargenweb.com.ar\/web\/wp-json\/wp\/v2\/tags?post=38778"}],"curies":[{"name":"wp","href":"https:\/\/api.w.org\/{rel}","templated":true}]}}