{"id":38773,"date":"2023-01-30T10:10:38","date_gmt":"2023-01-30T13:10:38","guid":{"rendered":"http:\/\/www.almargenweb.com.ar\/web\/?p=38773"},"modified":"2023-01-30T10:10:39","modified_gmt":"2023-01-30T13:10:39","slug":"villa-minetti-y-una-sequia-historica-venden-bidones-con-2-000-litros-de-agua-por-2-000","status":"publish","type":"post","link":"https:\/\/www.almargenweb.com.ar\/web\/villa-minetti-y-una-sequia-historica-venden-bidones-con-2-000-litros-de-agua-por-2-000\/","title":{"rendered":"Villa Minetti y una Sequ\u00eda hist\u00f3rica: venden bidones con 2.000 litros de agua por $2.000"},"content":{"rendered":"\n<p>Esa localidad del departamento 9 de Julio, sufre  las consecuencias que trae el fen\u00f3meno de La Ni\u00f1a, para el sector agropecuario, es necesario agregar los efectos que genera en la vida diaria de la comunidad. <\/p>\n\n\n\n<p>Con un lecho del Salado casi seco, hoy las expectativas est\u00e1n puestas en la situaci\u00f3n de Salta, en donde se registraron algunas lluvias.<\/p>\n\n\n\n<p>El agua para consumo se acarrea a trav\u00e9s de bidones o dep\u00f3sitos, hoy los 2.000 litros se venden a $2.000.<\/p>\n\n\n\n<p>Desde hace tres meses la sequ\u00eda termin\u00f3 de inutilizar el canal a cielo abierto que prove\u00eda agua del r\u00edo Salado desde Tostado.<\/p>\n\n\n\n<p>Ante la falta de agua de red, los vecinos optan por realizar perforaciones para de esta manera contar con el suministro de agua para las actividades diarias. Sin embargo, Gentilli destac\u00f3 que este tipo de medidas son &#8220;soluciones a corto o mediano plazo&#8221;. &#8220;Estamos en una situaci\u00f3n complicada por ese motivo se tiene que poner este ca\u00f1o para asegurar la llegada de agua para la red, para los servicios&#8221;, reiter\u00f3 el funcionario.<\/p>\n<!-- AddThis Advanced Settings generic via filter on the_content --><!-- AddThis Share Buttons generic via filter on the_content -->","protected":false},"excerpt":{"rendered":"<p>Esa localidad del departamento 9 de Julio, sufre las consecuencias que trae el fen\u00f3meno de La [&hellip;]<!-- AddThis Advanced Settings generic via filter on get_the_excerpt --><!-- AddThis Share Buttons generic via filter on get_the_excerpt --><\/p>\n","protected":false},"author":16,"featured_media":38776,"comment_status":"open","ping_status":"open","sticky":false,"template":"","format":"standard","meta":{"_seopress_robots_primary_cat":"none","_seopress_titles_title":"","_seopress_titles_desc":"","_seopress_robots_index":"","_themeisle_gutenberg_block_has_review":false,"footnotes":""},"categories":[2,164,15],"tags":[],"class_list":["post-38773","post","type-post","status-publish","format-standard","has-post-thumbnail","hentry","category-actualidad","category-ambiente","category-salud"],"_links":{"self":[{"href":"https:\/\/www.almargenweb.com.ar\/web\/wp-json\/wp\/v2\/posts\/38773","targetHints":{"allow":["GET"]}}],"collection":[{"href":"https:\/\/www.almargenweb.com.ar\/web\/wp-json\/wp\/v2\/posts"}],"about":[{"href":"https:\/\/www.almargenweb.com.ar\/web\/wp-json\/wp\/v2\/types\/post"}],"author":[{"embeddable":true,"href":"https:\/\/www.almargenweb.com.ar\/web\/wp-json\/wp\/v2\/users\/16"}],"replies":[{"embeddable":true,"href":"https:\/\/www.almargenweb.com.ar\/web\/wp-json\/wp\/v2\/comments?post=38773"}],"version-history":[{"count":1,"href":"https:\/\/www.almargenweb.com.ar\/web\/wp-json\/wp\/v2\/posts\/38773\/revisions"}],"predecessor-version":[{"id":38777,"href":"https:\/\/www.almargenweb.com.ar\/web\/wp-json\/wp\/v2\/posts\/38773\/revisions\/38777"}],"wp:featuredmedia":[{"embeddable":true,"href":"https:\/\/www.almargenweb.com.ar\/web\/wp-json\/wp\/v2\/media\/38776"}],"wp:attachment":[{"href":"https:\/\/www.almargenweb.com.ar\/web\/wp-json\/wp\/v2\/media?parent=38773"}],"wp:term":[{"taxonomy":"category","embeddable":true,"href":"https:\/\/www.almargenweb.com.ar\/web\/wp-json\/wp\/v2\/categories?post=38773"},{"taxonomy":"post_tag","embeddable":true,"href":"https:\/\/www.almargenweb.com.ar\/web\/wp-json\/wp\/v2\/tags?post=38773"}],"curies":[{"name":"wp","href":"https:\/\/api.w.org\/{rel}","templated":true}]}}