{"id":38753,"date":"2023-01-26T09:29:55","date_gmt":"2023-01-26T12:29:55","guid":{"rendered":"http:\/\/www.almargenweb.com.ar\/web\/?p=38753"},"modified":"2023-01-26T09:29:56","modified_gmt":"2023-01-26T12:29:56","slug":"sube-el-precio-de-la-carne-se-espea-un-aumento-del-30-para-los-proximos-dias","status":"publish","type":"post","link":"https:\/\/www.almargenweb.com.ar\/web\/sube-el-precio-de-la-carne-se-espea-un-aumento-del-30-para-los-proximos-dias\/","title":{"rendered":"Sube el precio de la carne: se espea un aumento del 30% para los pr\u00f3ximos d\u00edas"},"content":{"rendered":"\n<p>El precio de la carne vacuna podr\u00eda subir alrededor de un 30% en los pr\u00f3ximos d\u00edas producto de los nuevos valores de la hacienda en pie que se est\u00e1n registrando en el Mercado de Ca\u00f1uelas en los \u00faltimos d\u00edas. <\/p>\n\n\n\n<p>Los especialistas advirtieron que los nuevos precios se reflejar\u00edan en g\u00f3ndolas y mostradores entre esta y la pr\u00f3xima semana.<\/p>\n\n\n\n<p>Por su parte, el presidente de la C\u00e1mara de Matarifes y Abastecedores (CAMyA), Leonardo Rafael, se\u00f1al\u00f3 que los aumentos empezaron a registrase en la plaza de operaciones dos semanas atr\u00e1s, aunque el viernes pasado se dio un salto del 25% en algunos precios.<\/p>\n\n\n\n<p>Esta subas reportaron un aumento en el mostrador de entre $50 y $100 por kilo hasta ese momento, mientras que se espera tras las \u00faltimas subas que se vienen registrando, seg\u00fan coment\u00f3 Rafael, alcancen subas de entre $300 y $400 que se va \u201ca ir trasladando en la semana\u201d.<\/p>\n\n\n\n<p>La entidad indic\u00f3 que el deterioro del poder adquisitivo de las familias se tradujo en un leve retroceso del consumo interno, todo lo que, combinado, contribuy\u00f3 a explicar la significativa desaceleraci\u00f3n del ritmo de incremento interanual del precio promedio del animal en pie que se registr\u00f3 en los \u00faltimos meses.<\/p>\n<!-- AddThis Advanced Settings generic via filter on the_content --><!-- AddThis Share Buttons generic via filter on the_content -->","protected":false},"excerpt":{"rendered":"<p>El precio de la carne vacuna podr\u00eda subir alrededor de un 30% en los pr\u00f3ximos d\u00edas [&hellip;]<!-- AddThis Advanced Settings generic via filter on get_the_excerpt --><!-- AddThis Share Buttons generic via filter on get_the_excerpt --><\/p>\n","protected":false},"author":16,"featured_media":38720,"comment_status":"open","ping_status":"open","sticky":false,"template":"","format":"standard","meta":{"_seopress_robots_primary_cat":"none","_seopress_titles_title":"","_seopress_titles_desc":"","_seopress_robots_index":"","_themeisle_gutenberg_block_has_review":false,"footnotes":""},"categories":[2,164,5],"tags":[],"class_list":["post-38753","post","type-post","status-publish","format-standard","has-post-thumbnail","hentry","category-actualidad","category-ambiente","category-economia"],"_links":{"self":[{"href":"https:\/\/www.almargenweb.com.ar\/web\/wp-json\/wp\/v2\/posts\/38753","targetHints":{"allow":["GET"]}}],"collection":[{"href":"https:\/\/www.almargenweb.com.ar\/web\/wp-json\/wp\/v2\/posts"}],"about":[{"href":"https:\/\/www.almargenweb.com.ar\/web\/wp-json\/wp\/v2\/types\/post"}],"author":[{"embeddable":true,"href":"https:\/\/www.almargenweb.com.ar\/web\/wp-json\/wp\/v2\/users\/16"}],"replies":[{"embeddable":true,"href":"https:\/\/www.almargenweb.com.ar\/web\/wp-json\/wp\/v2\/comments?post=38753"}],"version-history":[{"count":1,"href":"https:\/\/www.almargenweb.com.ar\/web\/wp-json\/wp\/v2\/posts\/38753\/revisions"}],"predecessor-version":[{"id":38757,"href":"https:\/\/www.almargenweb.com.ar\/web\/wp-json\/wp\/v2\/posts\/38753\/revisions\/38757"}],"wp:featuredmedia":[{"embeddable":true,"href":"https:\/\/www.almargenweb.com.ar\/web\/wp-json\/wp\/v2\/media\/38720"}],"wp:attachment":[{"href":"https:\/\/www.almargenweb.com.ar\/web\/wp-json\/wp\/v2\/media?parent=38753"}],"wp:term":[{"taxonomy":"category","embeddable":true,"href":"https:\/\/www.almargenweb.com.ar\/web\/wp-json\/wp\/v2\/categories?post=38753"},{"taxonomy":"post_tag","embeddable":true,"href":"https:\/\/www.almargenweb.com.ar\/web\/wp-json\/wp\/v2\/tags?post=38753"}],"curies":[{"name":"wp","href":"https:\/\/api.w.org\/{rel}","templated":true}]}}