{"id":38733,"date":"2023-01-23T09:00:28","date_gmt":"2023-01-23T12:00:28","guid":{"rendered":"http:\/\/www.almargenweb.com.ar\/web\/?p=38733"},"modified":"2023-01-23T09:00:29","modified_gmt":"2023-01-23T12:00:29","slug":"se-podra-completar-el-plan-de-refuerzos-con-vacunas-bivalentes-contra-el-covid","status":"publish","type":"post","link":"https:\/\/www.almargenweb.com.ar\/web\/se-podra-completar-el-plan-de-refuerzos-con-vacunas-bivalentes-contra-el-covid\/","title":{"rendered":"Se podr\u00e1 completar el plan de refuerzos con vacunas bivalentes contra el Covid"},"content":{"rendered":"\n<p>De acuerdo al criterio del Ministerio de Salud de la provincia las vacunas bivalentes se utilizar\u00e1n tanto para iniciar o completar esquemas primarios como para la aplicaci\u00f3n de dosis de refuerzo.<\/p>\n\n\n\n<p>Se trata de las vacunas Comirnaty Bivariante Original\/Omicron BA.4-5 del laboratorio Pfizer\/BioNtech, autorizada para su uso en poblaci\u00f3n general de 12 a\u00f1os o m\u00e1s.<\/p>\n\n\n\n<p>En tanto, la vacuna Spikevax Bivariante Original\/Omicron BA.4-5 del laboratorio Moderna, est\u00e1 autorizada para su uso en poblaci\u00f3n general de 6 a\u00f1os o m\u00e1s.<\/p>\n\n\n\n<p> Desde Naci\u00f3n se explic\u00f3 que la inclusi\u00f3n de vacunas bivariantes contra el Covid se suman al plan estrat\u00e9gico de vacunaci\u00f3n contra la infecci\u00f3n, con el objetivo de seguir avanzando en la incorporaci\u00f3n de tecnolog\u00eda disponible para dar respuesta a la pandemia.<\/p>\n\n\n\n<p><\/p>\n\n\n\n<p><\/p>\n<!-- AddThis Advanced Settings generic via filter on the_content --><!-- AddThis Share Buttons generic via filter on the_content -->","protected":false},"excerpt":{"rendered":"<p>De acuerdo al criterio del Ministerio de Salud de la provincia las vacunas bivalentes se utilizar\u00e1n [&hellip;]<!-- AddThis Advanced Settings generic via filter on get_the_excerpt --><!-- AddThis Share Buttons generic via filter on get_the_excerpt --><\/p>\n","protected":false},"author":16,"featured_media":38736,"comment_status":"open","ping_status":"open","sticky":false,"template":"","format":"standard","meta":{"_seopress_robots_primary_cat":"none","_seopress_titles_title":"","_seopress_titles_desc":"","_seopress_robots_index":"","_themeisle_gutenberg_block_has_review":false,"footnotes":""},"categories":[2,164,15],"tags":[],"class_list":["post-38733","post","type-post","status-publish","format-standard","has-post-thumbnail","hentry","category-actualidad","category-ambiente","category-salud"],"_links":{"self":[{"href":"https:\/\/www.almargenweb.com.ar\/web\/wp-json\/wp\/v2\/posts\/38733","targetHints":{"allow":["GET"]}}],"collection":[{"href":"https:\/\/www.almargenweb.com.ar\/web\/wp-json\/wp\/v2\/posts"}],"about":[{"href":"https:\/\/www.almargenweb.com.ar\/web\/wp-json\/wp\/v2\/types\/post"}],"author":[{"embeddable":true,"href":"https:\/\/www.almargenweb.com.ar\/web\/wp-json\/wp\/v2\/users\/16"}],"replies":[{"embeddable":true,"href":"https:\/\/www.almargenweb.com.ar\/web\/wp-json\/wp\/v2\/comments?post=38733"}],"version-history":[{"count":1,"href":"https:\/\/www.almargenweb.com.ar\/web\/wp-json\/wp\/v2\/posts\/38733\/revisions"}],"predecessor-version":[{"id":38737,"href":"https:\/\/www.almargenweb.com.ar\/web\/wp-json\/wp\/v2\/posts\/38733\/revisions\/38737"}],"wp:featuredmedia":[{"embeddable":true,"href":"https:\/\/www.almargenweb.com.ar\/web\/wp-json\/wp\/v2\/media\/38736"}],"wp:attachment":[{"href":"https:\/\/www.almargenweb.com.ar\/web\/wp-json\/wp\/v2\/media?parent=38733"}],"wp:term":[{"taxonomy":"category","embeddable":true,"href":"https:\/\/www.almargenweb.com.ar\/web\/wp-json\/wp\/v2\/categories?post=38733"},{"taxonomy":"post_tag","embeddable":true,"href":"https:\/\/www.almargenweb.com.ar\/web\/wp-json\/wp\/v2\/tags?post=38733"}],"curies":[{"name":"wp","href":"https:\/\/api.w.org\/{rel}","templated":true}]}}