{"id":38728,"date":"2023-01-23T08:43:04","date_gmt":"2023-01-23T11:43:04","guid":{"rendered":"http:\/\/www.almargenweb.com.ar\/web\/?p=38728"},"modified":"2023-01-23T08:43:05","modified_gmt":"2023-01-23T11:43:05","slug":"la-semana-arranca-con-sol-y-mucho-calor-para-el-viernes-se-esperan-lluvias","status":"publish","type":"post","link":"https:\/\/www.almargenweb.com.ar\/web\/la-semana-arranca-con-sol-y-mucho-calor-para-el-viernes-se-esperan-lluvias\/","title":{"rendered":"La semana arranca con sol y mucho calor, para el viernes se esperan lluvias"},"content":{"rendered":"\n<p>Seg\u00fan el pron\u00f3stico del Servicio Meteorol\u00f3gico Nacional, para este lunes tendremos una jornada con una temperatura m\u00ednima de 25 grados y una m\u00e1xima de 39 grados.<\/p>\n\n\n\n<p>Las condiciones ser\u00e1n estables y el cielo estar\u00e1 mayormente despejado, aunque se puede presentar alguna nubosidad durante el d\u00eda.<\/p>\n\n\n\n<p>Ma\u00f1ana martes se esperan temperaturas similares a las de hoy, aunque la m\u00e1xima podr\u00eda llegar a los 40 grados y el cielo estar\u00e1 mayormente nublado.<\/p>\n\n\n\n<p>Desde el mi\u00e9rcoles en adelante se espera una seguidilla de d\u00edas con tiempo inestable, pero muy c\u00e1lidos con m\u00e1ximas por encima de los 33 \u00f3 35 grados al menos hasta el viernes. <\/p>\n\n\n\n<p>Ese d\u00eda podr\u00eda darse el ingreso de un frente que traiga un poco de alivio. El SMN indica que entre viernes y s\u00e1bado podr\u00eda dar una sensible baja de la temperatura con m\u00e1ximas de entre 27 y 30 grados.<\/p>\n\n\n\n<p>El centro y sur de la provincia de Santa Fe se encuentran bajo alerta amarilla de temperaturas extremas, seg\u00fan inform\u00f3 este domingo por la tarde el Servicio Meteorol\u00f3gico Nacional (SMN).<\/p>\n\n\n\n<p>El SMN recomend\u00f3 a la poblaci\u00f3n de estas zonas mantenerse hidratada, no exponerse a las altas temperaturas, evitar realizar actividad f\u00edsica, y usar ropa liviana y de colores claros.<\/p>\n<!-- AddThis Advanced Settings generic via filter on the_content --><!-- AddThis Share Buttons generic via filter on the_content -->","protected":false},"excerpt":{"rendered":"<p>Seg\u00fan el pron\u00f3stico del Servicio Meteorol\u00f3gico Nacional, para este lunes tendremos una jornada con una temperatura [&hellip;]<!-- AddThis Advanced Settings generic via filter on get_the_excerpt --><!-- AddThis Share Buttons generic via filter on get_the_excerpt --><\/p>\n","protected":false},"author":16,"featured_media":38731,"comment_status":"open","ping_status":"open","sticky":false,"template":"","format":"standard","meta":{"_seopress_robots_primary_cat":"none","_seopress_titles_title":"","_seopress_titles_desc":"","_seopress_robots_index":"","_themeisle_gutenberg_block_has_review":false,"footnotes":""},"categories":[2,164],"tags":[],"class_list":["post-38728","post","type-post","status-publish","format-standard","has-post-thumbnail","hentry","category-actualidad","category-ambiente"],"_links":{"self":[{"href":"https:\/\/www.almargenweb.com.ar\/web\/wp-json\/wp\/v2\/posts\/38728","targetHints":{"allow":["GET"]}}],"collection":[{"href":"https:\/\/www.almargenweb.com.ar\/web\/wp-json\/wp\/v2\/posts"}],"about":[{"href":"https:\/\/www.almargenweb.com.ar\/web\/wp-json\/wp\/v2\/types\/post"}],"author":[{"embeddable":true,"href":"https:\/\/www.almargenweb.com.ar\/web\/wp-json\/wp\/v2\/users\/16"}],"replies":[{"embeddable":true,"href":"https:\/\/www.almargenweb.com.ar\/web\/wp-json\/wp\/v2\/comments?post=38728"}],"version-history":[{"count":1,"href":"https:\/\/www.almargenweb.com.ar\/web\/wp-json\/wp\/v2\/posts\/38728\/revisions"}],"predecessor-version":[{"id":38732,"href":"https:\/\/www.almargenweb.com.ar\/web\/wp-json\/wp\/v2\/posts\/38728\/revisions\/38732"}],"wp:featuredmedia":[{"embeddable":true,"href":"https:\/\/www.almargenweb.com.ar\/web\/wp-json\/wp\/v2\/media\/38731"}],"wp:attachment":[{"href":"https:\/\/www.almargenweb.com.ar\/web\/wp-json\/wp\/v2\/media?parent=38728"}],"wp:term":[{"taxonomy":"category","embeddable":true,"href":"https:\/\/www.almargenweb.com.ar\/web\/wp-json\/wp\/v2\/categories?post=38728"},{"taxonomy":"post_tag","embeddable":true,"href":"https:\/\/www.almargenweb.com.ar\/web\/wp-json\/wp\/v2\/tags?post=38728"}],"curies":[{"name":"wp","href":"https:\/\/api.w.org\/{rel}","templated":true}]}}