{"id":38722,"date":"2023-01-20T12:45:29","date_gmt":"2023-01-20T15:45:29","guid":{"rendered":"http:\/\/www.almargenweb.com.ar\/web\/?p=38722"},"modified":"2023-01-20T12:45:30","modified_gmt":"2023-01-20T15:45:30","slug":"el-concejo-aprobo-el-proyecto-de-rodrigo-muller-para-renovar-el-balneario-municipal-a-traves-de-la-inversion-privada","status":"publish","type":"post","link":"https:\/\/www.almargenweb.com.ar\/web\/el-concejo-aprobo-el-proyecto-de-rodrigo-muller-para-renovar-el-balneario-municipal-a-traves-de-la-inversion-privada\/","title":{"rendered":"El Concejo aprob\u00f3 el proyecto de Rodrigo M\u00fcller para renovar el Balneario Municipal a trav\u00e9s de la inversi\u00f3n privada"},"content":{"rendered":"\n<p>El Concejo Municipal aprob\u00f3 el proyecto del concejal radical, e integrante de Juntos para el Cambio, Rodrigo M\u00fcller, para renovar el Balneario Municipal a trav\u00e9s de la inversi\u00f3n privada. Se trata de una iniciativa que fomenta la creaci\u00f3n de nuevas instalaciones en el lugar mediante la inversi\u00f3n de privados a la cual el municipio les otorgar\u00e1 la concesi\u00f3n de los mismos por un determinado tiempo.<\/p>\n\n\n\n<p>Al respecto, el referente radical explic\u00f3 que \u201cexiste una notoria apat\u00eda del municipio hacia los espacios p\u00fablicos, en este caso el Balneario, que pretendemos subsanar con este proyecto\u201d.<\/p>\n\n\n\n<p>\u201cLa puesta en pr\u00e1ctica del proyecto generar\u00e1 nuevas oportunidades de prestaciones tur\u00edsticas para Esperanza y de desarrollo y fomento de la econom\u00eda local, siempre basado en un proyecto en plena armon\u00eda con el cuidado del ambiente\u201d, agreg\u00f3 el edil.<\/p>\n\n\n\n<p>Luego, M\u00fcller mencion\u00f3 que \u201cbuscamos generar un cambio positivo en el Balneario y proveer bienes y servicios de gran valor para el bienestar humano, elementos que dan soporte al desarrollo de la sociedad actual y futura. Para que la gente se d\u00e9 una idea, el proyecto es similar a lo que se realiz\u00f3 en la Costanera Este de la ciudad de Santa Fe\u201d.<\/p>\n\n\n\n<figure class=\"wp-block-image size-large\"><img loading=\"lazy\" decoding=\"async\" width=\"1024\" height=\"684\" src=\"https:\/\/www.almargenweb.com.ar\/web\/wp-content\/uploads\/2023\/01\/DSC8385-1024x684.jpg\" alt=\"\" class=\"wp-image-38726\" srcset=\"https:\/\/www.almargenweb.com.ar\/web\/wp-content\/uploads\/2023\/01\/DSC8385-1024x684.jpg 1024w, https:\/\/www.almargenweb.com.ar\/web\/wp-content\/uploads\/2023\/01\/DSC8385-300x200.jpg 300w, https:\/\/www.almargenweb.com.ar\/web\/wp-content\/uploads\/2023\/01\/DSC8385-768x513.jpg 768w, https:\/\/www.almargenweb.com.ar\/web\/wp-content\/uploads\/2023\/01\/DSC8385.jpg 1200w\" sizes=\"auto, (max-width: 1024px) 100vw, 1024px\" \/><figcaption class=\"wp-element-caption\">\u201cCon esto pretendemos generar empleo e inclusi\u00f3n y promover la inversi\u00f3n privada, con un manejo tur\u00edstico respetuoso y sustentable\u201d, agreg\u00f3 Rodrigo M\u00fcller.<\/figcaption><\/figure>\n\n\n\n<p>El primer paso del proyecto, regulado por la Ley N\u00b0 27.328, de contratos de participaci\u00f3n p\u00fablico- privada, ser\u00e1 realizar un concurso de ideas de posibles inversiones entre los cuales se encuentran: Instalaciones de servicios generales, de seguridad, tur\u00edsticas\/recreativas, deportivas, de transporte y multiprop\u00f3sito; un polo gastron\u00f3mico; abarcando los rubros bar, caf\u00e9, confiter\u00eda, m\u00fasica en vivo, patio cervecero, parrillada, pizzer\u00eda, rotiser\u00eda, restaurante; sumar actividades complementarias tales como alquiler de bicicletas, centro de deportes cubierto, centro de exposiciones al aire libre o club deportivo al aire libre, entre otros.<\/p>\n\n\n\n<p>Por \u00faltimo, M\u00fcller reiter\u00f3 su proyecto para la ciudad en el a\u00f1o 2023 y mencion\u00f3 que \u201ceste tipo de iniciativas de vinculaci\u00f3n entre lo p\u00fablico y lo privado forman parte de nuestro plan de gobierno para mejorar los espacios p\u00fablicos de Esperanza ya que la prioridad en el presupuesto p\u00fablico la tendr\u00e1n los proyectos de Viviendas, Transporte Urbano y de acercar servicios y obras p\u00fablicas a los barrios\u201d.<\/p>\n<!-- AddThis Advanced Settings generic via filter on the_content --><!-- AddThis Share Buttons generic via filter on the_content -->","protected":false},"excerpt":{"rendered":"<p>El Concejo Municipal aprob\u00f3 el proyecto del concejal radical, e integrante de Juntos para el Cambio, [&hellip;]<!-- AddThis Advanced Settings generic via filter on get_the_excerpt --><!-- AddThis Share Buttons generic via filter on get_the_excerpt --><\/p>\n","protected":false},"author":16,"featured_media":38725,"comment_status":"open","ping_status":"open","sticky":false,"template":"","format":"standard","meta":{"_seopress_robots_primary_cat":"none","_seopress_titles_title":"","_seopress_titles_desc":"","_seopress_robots_index":"","_themeisle_gutenberg_block_has_review":false,"footnotes":""},"categories":[2,164,21,47],"tags":[],"class_list":["post-38722","post","type-post","status-publish","format-standard","has-post-thumbnail","hentry","category-actualidad","category-ambiente","category-las-colonias","category-locales"],"_links":{"self":[{"href":"https:\/\/www.almargenweb.com.ar\/web\/wp-json\/wp\/v2\/posts\/38722","targetHints":{"allow":["GET"]}}],"collection":[{"href":"https:\/\/www.almargenweb.com.ar\/web\/wp-json\/wp\/v2\/posts"}],"about":[{"href":"https:\/\/www.almargenweb.com.ar\/web\/wp-json\/wp\/v2\/types\/post"}],"author":[{"embeddable":true,"href":"https:\/\/www.almargenweb.com.ar\/web\/wp-json\/wp\/v2\/users\/16"}],"replies":[{"embeddable":true,"href":"https:\/\/www.almargenweb.com.ar\/web\/wp-json\/wp\/v2\/comments?post=38722"}],"version-history":[{"count":1,"href":"https:\/\/www.almargenweb.com.ar\/web\/wp-json\/wp\/v2\/posts\/38722\/revisions"}],"predecessor-version":[{"id":38727,"href":"https:\/\/www.almargenweb.com.ar\/web\/wp-json\/wp\/v2\/posts\/38722\/revisions\/38727"}],"wp:featuredmedia":[{"embeddable":true,"href":"https:\/\/www.almargenweb.com.ar\/web\/wp-json\/wp\/v2\/media\/38725"}],"wp:attachment":[{"href":"https:\/\/www.almargenweb.com.ar\/web\/wp-json\/wp\/v2\/media?parent=38722"}],"wp:term":[{"taxonomy":"category","embeddable":true,"href":"https:\/\/www.almargenweb.com.ar\/web\/wp-json\/wp\/v2\/categories?post=38722"},{"taxonomy":"post_tag","embeddable":true,"href":"https:\/\/www.almargenweb.com.ar\/web\/wp-json\/wp\/v2\/tags?post=38722"}],"curies":[{"name":"wp","href":"https:\/\/api.w.org\/{rel}","templated":true}]}}