{"id":38717,"date":"2023-01-19T09:31:18","date_gmt":"2023-01-19T12:31:18","guid":{"rendered":"http:\/\/www.almargenweb.com.ar\/web\/?p=38717"},"modified":"2023-01-19T09:31:19","modified_gmt":"2023-01-19T12:31:19","slug":"sequia-y-muerte-de-animales-anticipan-una-disparada-del-precio-de-la-carne-en-los-proximos-meses","status":"publish","type":"post","link":"https:\/\/www.almargenweb.com.ar\/web\/sequia-y-muerte-de-animales-anticipan-una-disparada-del-precio-de-la-carne-en-los-proximos-meses\/","title":{"rendered":"Sequ\u00eda y muerte de animales: anticipan una disparada del precio de la carne en los pr\u00f3ximos meses"},"content":{"rendered":"\n<p>La decision de poner en el mercado de forma prematura el ganado destinado para faenar, es fundamentada en el temor de que dicho ganado siga muriendo. <\/p>\n\n\n\n<p>Esto produce que a corto plazo se est\u00e9 produciendo una &#8220;sobreoferta&#8221; que paraliza el precio de la carne, situaci\u00f3n que tendr\u00e1 un efecto rebote en los pr\u00f3ximos meses, segun economistas y productores agropecuarios.<\/p>\n\n\n\n<p>La falta de pasturas y la falta de agua hacen que el productor est\u00e9 vendiendo mucha hacienda que normalmente en esta \u00e9poca se retiene para venderla cuando est\u00e9 completo el ciclo, en junio, julio.<\/p>\n\n\n\n<p> Dadas las contingencias clim\u00e1ticas negativas el productor trata de vender el animal, sin terminar el proceso, porque prefiere sacarle un mal precio antes de que se muera.<\/p>\n\n\n\n<p>Esto est\u00e1 generando una oferta excesiva para la demanda que hay en la actualidad.<\/p>\n<!-- AddThis Advanced Settings generic via filter on the_content --><!-- AddThis Share Buttons generic via filter on the_content -->","protected":false},"excerpt":{"rendered":"<p>La decision de poner en el mercado de forma prematura el ganado destinado para faenar, es [&hellip;]<!-- AddThis Advanced Settings generic via filter on get_the_excerpt --><!-- AddThis Share Buttons generic via filter on get_the_excerpt --><\/p>\n","protected":false},"author":16,"featured_media":38720,"comment_status":"open","ping_status":"open","sticky":false,"template":"","format":"standard","meta":{"_seopress_robots_primary_cat":"none","_seopress_titles_title":"","_seopress_titles_desc":"","_seopress_robots_index":"","_themeisle_gutenberg_block_has_review":false,"footnotes":""},"categories":[2,164,5],"tags":[],"class_list":["post-38717","post","type-post","status-publish","format-standard","has-post-thumbnail","hentry","category-actualidad","category-ambiente","category-economia"],"_links":{"self":[{"href":"https:\/\/www.almargenweb.com.ar\/web\/wp-json\/wp\/v2\/posts\/38717","targetHints":{"allow":["GET"]}}],"collection":[{"href":"https:\/\/www.almargenweb.com.ar\/web\/wp-json\/wp\/v2\/posts"}],"about":[{"href":"https:\/\/www.almargenweb.com.ar\/web\/wp-json\/wp\/v2\/types\/post"}],"author":[{"embeddable":true,"href":"https:\/\/www.almargenweb.com.ar\/web\/wp-json\/wp\/v2\/users\/16"}],"replies":[{"embeddable":true,"href":"https:\/\/www.almargenweb.com.ar\/web\/wp-json\/wp\/v2\/comments?post=38717"}],"version-history":[{"count":1,"href":"https:\/\/www.almargenweb.com.ar\/web\/wp-json\/wp\/v2\/posts\/38717\/revisions"}],"predecessor-version":[{"id":38721,"href":"https:\/\/www.almargenweb.com.ar\/web\/wp-json\/wp\/v2\/posts\/38717\/revisions\/38721"}],"wp:featuredmedia":[{"embeddable":true,"href":"https:\/\/www.almargenweb.com.ar\/web\/wp-json\/wp\/v2\/media\/38720"}],"wp:attachment":[{"href":"https:\/\/www.almargenweb.com.ar\/web\/wp-json\/wp\/v2\/media?parent=38717"}],"wp:term":[{"taxonomy":"category","embeddable":true,"href":"https:\/\/www.almargenweb.com.ar\/web\/wp-json\/wp\/v2\/categories?post=38717"},{"taxonomy":"post_tag","embeddable":true,"href":"https:\/\/www.almargenweb.com.ar\/web\/wp-json\/wp\/v2\/tags?post=38717"}],"curies":[{"name":"wp","href":"https:\/\/api.w.org\/{rel}","templated":true}]}}