{"id":38709,"date":"2023-01-18T12:21:07","date_gmt":"2023-01-18T15:21:07","guid":{"rendered":"http:\/\/www.almargenweb.com.ar\/web\/?p=38709"},"modified":"2023-01-18T12:21:08","modified_gmt":"2023-01-18T15:21:08","slug":"sugieren-un-precio-razonable-para-los-aceites-envasados-en-el-consumo-interno","status":"publish","type":"post","link":"https:\/\/www.almargenweb.com.ar\/web\/sugieren-un-precio-razonable-para-los-aceites-envasados-en-el-consumo-interno\/","title":{"rendered":"&#8220;Sugieren&#8221; un precio razonable para los aceites envasados en el consumo interno"},"content":{"rendered":"\n<p>Se trata del &#8220;Programa de Fomento al Sector Aceitero&#8221;, a trav\u00e9s del cual se pagar\u00e1n compensaciones a quienes realicen la venta de aceites refinados comestibles de soja, girasol y\/o sus mezclas, destinados al mercado interno para consumo final y familiar en envases de hasta tres litros.<\/p>\n\n\n\n<p>Seg\u00fan lo dispuesto, el Programa tendr\u00e1 vigencia hasta el 31 de diciembre de este a\u00f1o y la Secretar\u00eda de Comercio podr\u00e1 dictar las normas aclaratorias y complementarias que fueran necesarias para la aplicaci\u00f3n de la medida.<\/p>\n\n\n\n<p><\/p>\n<!-- AddThis Advanced Settings generic via filter on the_content --><!-- AddThis Share Buttons generic via filter on the_content -->","protected":false},"excerpt":{"rendered":"<p>Se trata del &#8220;Programa de Fomento al Sector Aceitero&#8221;, a trav\u00e9s del cual se pagar\u00e1n compensaciones [&hellip;]<!-- AddThis Advanced Settings generic via filter on get_the_excerpt --><!-- AddThis Share Buttons generic via filter on get_the_excerpt --><\/p>\n","protected":false},"author":16,"featured_media":38712,"comment_status":"open","ping_status":"open","sticky":false,"template":"","format":"standard","meta":{"_seopress_robots_primary_cat":"none","_seopress_titles_title":"","_seopress_titles_desc":"","_seopress_robots_index":"","_themeisle_gutenberg_block_has_review":false,"footnotes":""},"categories":[2,164,5],"tags":[],"class_list":["post-38709","post","type-post","status-publish","format-standard","has-post-thumbnail","hentry","category-actualidad","category-ambiente","category-economia"],"_links":{"self":[{"href":"https:\/\/www.almargenweb.com.ar\/web\/wp-json\/wp\/v2\/posts\/38709","targetHints":{"allow":["GET"]}}],"collection":[{"href":"https:\/\/www.almargenweb.com.ar\/web\/wp-json\/wp\/v2\/posts"}],"about":[{"href":"https:\/\/www.almargenweb.com.ar\/web\/wp-json\/wp\/v2\/types\/post"}],"author":[{"embeddable":true,"href":"https:\/\/www.almargenweb.com.ar\/web\/wp-json\/wp\/v2\/users\/16"}],"replies":[{"embeddable":true,"href":"https:\/\/www.almargenweb.com.ar\/web\/wp-json\/wp\/v2\/comments?post=38709"}],"version-history":[{"count":1,"href":"https:\/\/www.almargenweb.com.ar\/web\/wp-json\/wp\/v2\/posts\/38709\/revisions"}],"predecessor-version":[{"id":38713,"href":"https:\/\/www.almargenweb.com.ar\/web\/wp-json\/wp\/v2\/posts\/38709\/revisions\/38713"}],"wp:featuredmedia":[{"embeddable":true,"href":"https:\/\/www.almargenweb.com.ar\/web\/wp-json\/wp\/v2\/media\/38712"}],"wp:attachment":[{"href":"https:\/\/www.almargenweb.com.ar\/web\/wp-json\/wp\/v2\/media?parent=38709"}],"wp:term":[{"taxonomy":"category","embeddable":true,"href":"https:\/\/www.almargenweb.com.ar\/web\/wp-json\/wp\/v2\/categories?post=38709"},{"taxonomy":"post_tag","embeddable":true,"href":"https:\/\/www.almargenweb.com.ar\/web\/wp-json\/wp\/v2\/tags?post=38709"}],"curies":[{"name":"wp","href":"https:\/\/api.w.org\/{rel}","templated":true}]}}