{"id":38687,"date":"2023-01-16T08:14:36","date_gmt":"2023-01-16T11:14:36","guid":{"rendered":"http:\/\/www.almargenweb.com.ar\/web\/?p=38687"},"modified":"2023-01-16T08:14:36","modified_gmt":"2023-01-16T11:14:36","slug":"rodrigo-muller-esperanza-sigue-necesitando-inversiones-en-la-epe-para-mejorar-el-servicio","status":"publish","type":"post","link":"https:\/\/www.almargenweb.com.ar\/web\/rodrigo-muller-esperanza-sigue-necesitando-inversiones-en-la-epe-para-mejorar-el-servicio\/","title":{"rendered":"Rodrigo M\u00fcller: \u201cEsperanza sigue necesitando inversiones en la EPE para mejorar el servicio\u201d."},"content":{"rendered":"\n<p>En el a\u00f1o 2022 de las 81 obras de la EPE que preve\u00eda su presupuesto, ninguna estaba destinada a nuestra ciudad. Rafaela era la ciudad m\u00e1s beneficiada.<\/p>\n\n\n\n<p>En ese sentido, el edil radical a\u00f1adi\u00f3 que en el caso de Esperanza \u201centre las principales necesidades se encuentra la falta de un edificio propio para la EPE, ya que desde hace a\u00f1os la empresa alquila un local; la ausencia de m\u00f3viles y veh\u00edculos nuevos para cumplir con las demandas de clientes urbanos y rurales en tiempo y forma; entre otras inversiones significativas que son necesarias para mejorar el servicio en toda la ciudad\u201d.<\/p>\n\n\n\n<p>Por otro lado, M\u00fcller destac\u00f3 que en forma articulada con la Municipalidad \u201ces necesario plantear la importancia de tener pol\u00edticas en materia energ\u00e9tica que promuevan la adopci\u00f3n de la ley de eficiencia energ\u00e9tica para las viviendas, entre otras acciones en pos de enfrentar el principal desaf\u00edo que tiene hoy la humanidad que es el cambio clim\u00e1tico\u201d.<\/p>\n\n\n\n<p>Entiendo que, desde la audiencia p\u00fablica, en que plantee todos estos temas, en el verano del 2022, \u201cnuestra ciudad no sigue estando entre las prioridades para la EPE, entiendo que los usuarios esperancinos merecen tener un mejor servicio\u201d y remarc\u00f3 que \u201cvuelvo a rechazar cualquier incremento tarifario a futuro que no contemple mayor inversi\u00f3n para Esperanza\u201d.<\/p>\n\n\n\n<p>DETALLES DE INVERSIONES (Seg\u00fan la misma EPE)<\/p>\n\n\n\n<p>Si miramos el detalle desagregado por localidad, para el a\u00f1o 2022 Esperanza no se encontraba como prioridad, siendo las 11 localidades de la Provincia m\u00e1s beneficiadas en materia de obras las siguientes:<\/p>\n\n\n\n<p>Localidad Monto<br>Rafaela $ 1.671.288.567<br>Rosario $ 1.594.323.849<br>Santa Fe $ 1.118.697.532<br>Vera $ 1.004.518.349<br>Villa Ana $ 387.544.988<br>Nuevo Torino $ 242.157.791<br>\u00c1ngel Gallardo $ 183.120.000<br>P\u00e9rez-Totoras $ 102.884.720<br>Curupayti $ 77.044.096<br>Ang\u00e9lica $ 76.899.065<br>Carcara\u00f1\u00e1-San Lorenzo $ 72.417.800<\/p>\n<!-- AddThis Advanced Settings generic via filter on the_content --><!-- AddThis Share Buttons generic via filter on the_content -->","protected":false},"excerpt":{"rendered":"<p>En el a\u00f1o 2022 de las 81 obras de la EPE que preve\u00eda su presupuesto, ninguna [&hellip;]<!-- AddThis Advanced Settings generic via filter on get_the_excerpt --><!-- AddThis Share Buttons generic via filter on get_the_excerpt --><\/p>\n","protected":false},"author":16,"featured_media":38690,"comment_status":"open","ping_status":"open","sticky":false,"template":"","format":"standard","meta":{"_seopress_robots_primary_cat":"none","_seopress_titles_title":"","_seopress_titles_desc":"","_seopress_robots_index":"","_themeisle_gutenberg_block_has_review":false,"footnotes":""},"categories":[2,164,24,9],"tags":[],"class_list":["post-38687","post","type-post","status-publish","format-standard","has-post-thumbnail","hentry","category-actualidad","category-ambiente","category-obras-publicas","category-politica"],"_links":{"self":[{"href":"https:\/\/www.almargenweb.com.ar\/web\/wp-json\/wp\/v2\/posts\/38687","targetHints":{"allow":["GET"]}}],"collection":[{"href":"https:\/\/www.almargenweb.com.ar\/web\/wp-json\/wp\/v2\/posts"}],"about":[{"href":"https:\/\/www.almargenweb.com.ar\/web\/wp-json\/wp\/v2\/types\/post"}],"author":[{"embeddable":true,"href":"https:\/\/www.almargenweb.com.ar\/web\/wp-json\/wp\/v2\/users\/16"}],"replies":[{"embeddable":true,"href":"https:\/\/www.almargenweb.com.ar\/web\/wp-json\/wp\/v2\/comments?post=38687"}],"version-history":[{"count":1,"href":"https:\/\/www.almargenweb.com.ar\/web\/wp-json\/wp\/v2\/posts\/38687\/revisions"}],"predecessor-version":[{"id":38691,"href":"https:\/\/www.almargenweb.com.ar\/web\/wp-json\/wp\/v2\/posts\/38687\/revisions\/38691"}],"wp:featuredmedia":[{"embeddable":true,"href":"https:\/\/www.almargenweb.com.ar\/web\/wp-json\/wp\/v2\/media\/38690"}],"wp:attachment":[{"href":"https:\/\/www.almargenweb.com.ar\/web\/wp-json\/wp\/v2\/media?parent=38687"}],"wp:term":[{"taxonomy":"category","embeddable":true,"href":"https:\/\/www.almargenweb.com.ar\/web\/wp-json\/wp\/v2\/categories?post=38687"},{"taxonomy":"post_tag","embeddable":true,"href":"https:\/\/www.almargenweb.com.ar\/web\/wp-json\/wp\/v2\/tags?post=38687"}],"curies":[{"name":"wp","href":"https:\/\/api.w.org\/{rel}","templated":true}]}}