{"id":38665,"date":"2023-01-11T10:34:55","date_gmt":"2023-01-11T13:34:55","guid":{"rendered":"http:\/\/www.almargenweb.com.ar\/web\/?p=38665"},"modified":"2023-01-11T10:34:55","modified_gmt":"2023-01-11T13:34:55","slug":"argentina-supero-los-10-millones-de-casos-de-covid-tambien-aumentaron-las-muertes","status":"publish","type":"post","link":"https:\/\/www.almargenweb.com.ar\/web\/argentina-supero-los-10-millones-de-casos-de-covid-tambien-aumentaron-las-muertes\/","title":{"rendered":"Argentina super\u00f3 los 10 millones de casos de covid: tambi\u00e9n aumentaron las muertes"},"content":{"rendered":"\n<p>El Ministerio de Salud de la Naci\u00f3n inform\u00f3 ayer 40.982 nuevos casos positivos de coronavirus en el pa\u00eds en los \u00faltimos siete d\u00edas. <\/p>\n\n\n\n<p>Eso implica una baja del 43,5% con respecto a la semana anterior, cuando se consignaron 72.558 contagios. <\/p>\n\n\n\n<p>No obstante, se registr\u00f3 un marcado aumento de las muertes por Covid-19, ya que se inform\u00f3 78 en los \u00faltimos siete d\u00edas.<\/p>\n\n\n\n<p>Con las \u00faltimas cifras, el pa\u00eds ya acumula 10.004.679 contagios de coronavirus, adem\u00e1s de 130.249 fallecidos por la pandemia. <\/p>\n\n\n\n<p>En tanto, 413 personas infectadas con el virus permanec\u00edan internadas en terapia intensiva y la ocupaci\u00f3n de camas del servicio ascend\u00eda a 41,2%.<\/p>\n\n\n\n<p>Las jurisdicciones que m\u00e1s nuevos contagios reportaron esta semana son las siguientes provincias:<\/p>\n\n\n\n<p>Santa Fe (4)<\/p>\n\n\n\n<p>Buenos Aires (11.452)<br>C\u00f3rdoba (8370)<br>Santa Fe (3.237)<br>CABA (2.775)<br>Tucum\u00e1n (2.326)<br>Mendoza (1.625)<br>San Juan (1.490)<br>Jujuy (1.450)<br>Chaco (1.038)<br>Catamarca (890)<br>Entre R\u00edos (867)<br>Formosa (860).<\/p>\n<!-- AddThis Advanced Settings generic via filter on the_content --><!-- AddThis Share Buttons generic via filter on the_content -->","protected":false},"excerpt":{"rendered":"<p>El Ministerio de Salud de la Naci\u00f3n inform\u00f3 ayer 40.982 nuevos casos positivos de coronavirus en [&hellip;]<!-- AddThis Advanced Settings generic via filter on get_the_excerpt --><!-- AddThis Share Buttons generic via filter on get_the_excerpt --><\/p>\n","protected":false},"author":16,"featured_media":38668,"comment_status":"open","ping_status":"open","sticky":false,"template":"","format":"standard","meta":{"_seopress_robots_primary_cat":"none","_seopress_titles_title":"","_seopress_titles_desc":"","_seopress_robots_index":"","_themeisle_gutenberg_block_has_review":false,"footnotes":""},"categories":[2,164,15],"tags":[],"class_list":["post-38665","post","type-post","status-publish","format-standard","has-post-thumbnail","hentry","category-actualidad","category-ambiente","category-salud"],"_links":{"self":[{"href":"https:\/\/www.almargenweb.com.ar\/web\/wp-json\/wp\/v2\/posts\/38665","targetHints":{"allow":["GET"]}}],"collection":[{"href":"https:\/\/www.almargenweb.com.ar\/web\/wp-json\/wp\/v2\/posts"}],"about":[{"href":"https:\/\/www.almargenweb.com.ar\/web\/wp-json\/wp\/v2\/types\/post"}],"author":[{"embeddable":true,"href":"https:\/\/www.almargenweb.com.ar\/web\/wp-json\/wp\/v2\/users\/16"}],"replies":[{"embeddable":true,"href":"https:\/\/www.almargenweb.com.ar\/web\/wp-json\/wp\/v2\/comments?post=38665"}],"version-history":[{"count":1,"href":"https:\/\/www.almargenweb.com.ar\/web\/wp-json\/wp\/v2\/posts\/38665\/revisions"}],"predecessor-version":[{"id":38669,"href":"https:\/\/www.almargenweb.com.ar\/web\/wp-json\/wp\/v2\/posts\/38665\/revisions\/38669"}],"wp:featuredmedia":[{"embeddable":true,"href":"https:\/\/www.almargenweb.com.ar\/web\/wp-json\/wp\/v2\/media\/38668"}],"wp:attachment":[{"href":"https:\/\/www.almargenweb.com.ar\/web\/wp-json\/wp\/v2\/media?parent=38665"}],"wp:term":[{"taxonomy":"category","embeddable":true,"href":"https:\/\/www.almargenweb.com.ar\/web\/wp-json\/wp\/v2\/categories?post=38665"},{"taxonomy":"post_tag","embeddable":true,"href":"https:\/\/www.almargenweb.com.ar\/web\/wp-json\/wp\/v2\/tags?post=38665"}],"curies":[{"name":"wp","href":"https:\/\/api.w.org\/{rel}","templated":true}]}}